{"id":2398,"date":"2017-05-29T11:52:13","date_gmt":"2017-05-29T09:52:13","guid":{"rendered":"http:\/\/ranking-kosmetykow.pl\/?p=2398"},"modified":"2017-05-29T11:52:13","modified_gmt":"2017-05-29T09:52:13","slug":"jak-prawidlowo-myc-wlosy","status":"publish","type":"post","link":"https:\/\/neness.pl\/blog\/jak-prawidlowo-myc-wlosy\/","title":{"rendered":"Jak prawid\u0142owo my\u0107 w\u0142osy?"},"content":{"rendered":"<p>Mycie w\u0142os\u00f3w wydaje nam si\u0119 prost\u0105 i rutynow\u0105 czynno\u015bci\u0105, w ko\u0144cu robimy to prawie codziennie. Jednak warto zastanowi\u0107 si\u0119 czy faktycznie robimy to dobrze? Nasze w\u0142osy b\u0119d\u0105 nam za to bardzo wdzi\u0119czne!<\/p>\n<h3><strong>Przed myciem<\/strong><\/h3>\n<p>Okazuje si\u0119, \u017ce nie tylko sam proces mycia ma znaczenie w <strong>piel\u0119gnacji<\/strong> naszych w\u0142os\u00f3w. R\u00f3wnie wa\u017cne jest to, co robimy zanim przyst\u0105pimy do tej czynno\u015bci.<\/p>\n<p>W pierwszej kolejno\u015bci musimy dok\u0142adnie<strong> rozczesa\u0107<\/strong> <strong>suche<\/strong> jeszcze <strong>w\u0142osy<\/strong>. Pomo\u017ce to usun\u0105\u0107 z nich <strong>resztki \u015brodk\u00f3w do stylizacji<\/strong>, a a po umyciu w\u0142osy b\u0119d\u0105 <strong>mniej spl\u0105tane<\/strong>.<\/p>\n<p>Nale\u017cy r\u00f3wnie\u017c pami\u0119ta\u0107 o tym, aby wybra\u0107 szampon <strong>odpowiedni do<\/strong> naszego <strong>rodzaju<\/strong> w\u0142os\u00f3w. U\u017cywamy tego produktu bardzo cz\u0119sto, dlatego tak wa\u017cne jest aby by\u0142 w\u0142a\u015bciwie dopasowany do naszych potrzeb. Je\u015bli nie jeste\u015b pewna czy u\u017cywasz w\u0142a\u015bciwego \u015brodka do mycia swoich w\u0142os\u00f3w, skonsultuj si\u0119 ze swoim fryzjerem.<\/p>\n<h3><strong>Mycie<\/strong><\/h3>\n<p>Krokiem pierwszym zawsze jest <strong>zmoczenie<\/strong>\u00a0w\u0142os\u00f3w. Wa\u017cna jest w\u0142a\u015bciwa temperatura wody &#8211; najkorzystniej jest my\u0107 w\u0142osy <strong>ciep\u0142\u0105<\/strong> wod\u0105. Zbyt gor\u0105ca lub zbyt zimna mo\u017ce \u017ale wp\u0142ywa\u0107 na stan sk\u00f3ry g\u0142owy.<\/p>\n<p>Pami\u0119taj, \u017ce szamponu <strong>nie<\/strong> powinno nak\u0142ada\u0107 si\u0119 <strong>bezpo\u015brednio<\/strong> na w\u0142osy, najpierw wylewamy niewielk\u0105 ilo\u015b\u0107 w zag\u0142\u0119bienie d\u0142oni, <strong>rozcie\u0144czamy<\/strong> odrobin\u0105 wody i dopiero przyst\u0119pujemy do mycia. Szampon jest <strong>detergentem<\/strong>, dlatego po wymieszaniu z wod\u0105 b\u0119dzie delikatniejszy dla naszej fryzury.<\/p>\n<div id=\"attachment_2402\" style=\"width: 345px\" class=\"wp-caption aligncenter\"><a href=\"https:\/\/neness.pl\/kosmetyki\/wlosy\/szampony\/szampon_kallos_algae_1000ml.html\"><img loading=\"lazy\" decoding=\"async\" aria-describedby=\"caption-attachment-2402\" class=\"wp-image-2402\" src=\"http:\/\/ranking-kosmetykow.pl\/wp-content\/uploads\/2017\/05\/8fc0ebce332240da238e61333686843c-225x300.jpg\" alt=\"\" width=\"335\" height=\"447\" srcset=\"https:\/\/neness.pl\/blog\/wp-content\/uploads\/2017\/05\/8fc0ebce332240da238e61333686843c-225x300.jpg 225w, https:\/\/neness.pl\/blog\/wp-content\/uploads\/2017\/05\/8fc0ebce332240da238e61333686843c-610x813.jpg 610w, https:\/\/neness.pl\/blog\/wp-content\/uploads\/2017\/05\/8fc0ebce332240da238e61333686843c.jpg 750w\" sizes=\"auto, (max-width: 335px) 100vw, 335px\" \/><\/a><p id=\"caption-attachment-2402\" class=\"wp-caption-text\">Szampon Kallos Algae \/ 11,99 z\u0142<\/p><\/div>\n<p>&nbsp;<\/p>\n<p>Ilo\u015b\u0107 szamponu, kt\u00f3rej u\u017cywamy do mycia, jest uzale\u017cniona od tego jakiej <strong>d\u0142ugo\u015bci<\/strong> s\u0105 nasze w\u0142osy. Obj\u0119to\u015b\u0107 por\u00f3wnywalna do <strong>orzecha w\u0142oskiego<\/strong> powinna wystarczy\u0107 do umycia w\u0142os\u00f3w kr\u00f3tkich i \u015bredniej d\u0142ugo\u015bci, przy w\u0142osach d\u0142u\u017cszych nale\u017cy u\u017cy\u0107 proporcjonalnie wi\u0119cej.<\/p>\n<div id=\"attachment_2404\" style=\"width: 423px\" class=\"wp-caption aligncenter\"><a href=\"https:\/\/neness.pl\/kosmetyki\/wlosy\/szampony\/kallos_lab_35_szampon_signature_wzmacniajacy_wlosy_500ml.html\"><img loading=\"lazy\" decoding=\"async\" aria-describedby=\"caption-attachment-2404\" class=\"wp-image-2404\" src=\"http:\/\/ranking-kosmetykow.pl\/wp-content\/uploads\/2017\/05\/405e94a44eaf8eee5f285e7d6122466e-225x300.jpg\" alt=\"\" width=\"413\" height=\"550\" srcset=\"https:\/\/neness.pl\/blog\/wp-content\/uploads\/2017\/05\/405e94a44eaf8eee5f285e7d6122466e-225x300.jpg 225w, https:\/\/neness.pl\/blog\/wp-content\/uploads\/2017\/05\/405e94a44eaf8eee5f285e7d6122466e-610x813.jpg 610w, https:\/\/neness.pl\/blog\/wp-content\/uploads\/2017\/05\/405e94a44eaf8eee5f285e7d6122466e.jpg 750w\" sizes=\"auto, (max-width: 413px) 100vw, 413px\" \/><\/a><p id=\"caption-attachment-2404\" class=\"wp-caption-text\">KALLOS LAB 35 Szampon Signature Wzmacniaj\u0105cy W\u0142osy \/ 16,50 z\u0142<\/p><\/div>\n<p>&nbsp;<\/p>\n<p>Podczas mycia <strong>nie szarp<\/strong> i <strong>nie ci\u0105gnij<\/strong> w\u0142os\u00f3w i <strong>nie drap<\/strong> paznokciami sk\u00f3ry g\u0142owy. <strong>Masuj<\/strong> j\u0105\u00a0<strong>opuszkami<\/strong> palc\u00f3w, <strong>okr\u0119\u017cnymi<\/strong> ruchami, a w\u0142osy delikatnie <strong>ugniataj<\/strong>. Mokre w\u0142osy s\u0105 du\u017co bardziej <strong>podatne na urazy<\/strong> i <strong>uszkodzenia<\/strong>, dlatego trzeba obchodzi\u0107 si\u0119 z nimi w <strong>\u0142agodny<\/strong> spos\u00f3b. Mycie w\u0142os\u00f3w powinno trwa\u0107 oko\u0142o dw\u00f3ch minut.<\/p>\n<p>Zwr\u00f3\u0107 uwag\u0119, \u017ceby <strong>dok\u0142adnie sp\u0142uka\u0107<\/strong> produkt. Pozostawiona i niesp\u0142ukana piana mo\u017ce powodowa\u0107 przesuszanie sk\u00f3ry g\u0142owy i \u0142upie\u017c. To czy myjemy w\u0142osy jedno- czy dwukrotnie jest kwesti\u0105 indywidualn\u0105 i zale\u017cy od kondycji i potrzeb naszej fryzury.<\/p>\n<p>Je\u015bli potrzebujesz na\u0142\u00f3\u017c <strong>od\u017cywk\u0119<\/strong>. Stosuj j\u0105 zgodnie ze wskaz\u00f3wkami producenta, <strong>na wilgotne<\/strong>, os\u0105czone z nadmiaru wody w\u0142osy, a do ostatniego <strong>sp\u0142ukiwania<\/strong> u\u017cyj <strong>ch\u0142odnej<\/strong> wody, kt\u00f3ra pomo\u017ce zamkn\u0105\u0107 <strong>\u0142uski w\u0142osa<\/strong>. Dzi\u0119ki temu po wyschni\u0119ciu b\u0119d\u0105 <strong>g\u0142adsze<\/strong> i bardziej<strong> l\u015bni\u0105ce<\/strong>.<\/p>\n<div id=\"attachment_2403\" style=\"width: 381px\" class=\"wp-caption aligncenter\"><a href=\"https:\/\/neness.pl\/kosmetyki\/wlosy\/odzywki_i_maski\/kallos_go_go_odzywka_regenerujaca_wlosy_200ml.html\"><img loading=\"lazy\" decoding=\"async\" aria-describedby=\"caption-attachment-2403\" class=\"wp-image-2403\" src=\"http:\/\/ranking-kosmetykow.pl\/wp-content\/uploads\/2017\/05\/096e84a7e34389b6030ce55336836016-225x300.jpg\" alt=\"\" width=\"371\" height=\"495\" srcset=\"https:\/\/neness.pl\/blog\/wp-content\/uploads\/2017\/05\/096e84a7e34389b6030ce55336836016-225x300.jpg 225w, https:\/\/neness.pl\/blog\/wp-content\/uploads\/2017\/05\/096e84a7e34389b6030ce55336836016-610x813.jpg 610w, https:\/\/neness.pl\/blog\/wp-content\/uploads\/2017\/05\/096e84a7e34389b6030ce55336836016.jpg 750w\" sizes=\"auto, (max-width: 371px) 100vw, 371px\" \/><\/a><p id=\"caption-attachment-2403\" class=\"wp-caption-text\">Kallos Go Go Od\u017cywka Regeneruj\u0105ca W\u0142osy \/ 5,50 z\u0142<\/p><\/div>\n<h3>Po myciu<\/h3>\n<p>Zawi\u0144 w\u0142osy w <strong>mi\u0119kki<\/strong> r\u0119cznik, nie pocieraj, nie wykr\u0119caj ich i nie zawijaj w ciasny turban. Do wycierania w\u0142os\u00f3w mo\u017cesz te\u017c u\u017cy\u0107 bawe\u0142nianej koszulki, dzi\u0119ki temu ograniczysz ich puszenie. \u00a0Najzdrowsze dla fryzury jest pozostawienie w\u0142os\u00f3w do wyschni\u0119cia. Je\u015bli musimy u\u017cy\u0107 suszarki, zawsze kierujmy \u00a0strumie\u0144 powietrza &#8222;z w\u0142osem&#8221;, nigdy &#8222;pod w\u0142os&#8221;.<\/p>\n","protected":false},"excerpt":{"rendered":"<p>Mycie w\u0142os\u00f3w wydaje nam si\u0119 prost\u0105 i rutynow\u0105 czynno\u015bci\u0105, w ko\u0144cu robimy to prawie codziennie. Jednak warto zastanowi\u0107 si\u0119 czy faktycznie robimy to dobrze? Nasze w\u0142osy b\u0119d\u0105 nam za to bardzo wdzi\u0119czne! Przed myciem Okazuje si\u0119, \u017ce nie tylko sam proces mycia ma znaczenie w piel\u0119gnacji naszych w\u0142os\u00f3w. R\u00f3wnie wa\u017cne jest to, co robimy zanim [&hellip;]<\/p>\n","protected":false},"author":2,"featured_media":2417,"comment_status":"open","ping_status":"open","sticky":false,"template":"","format":"standard","meta":{"_et_pb_use_builder":"","_et_pb_old_content":"","_et_gb_content_width":"","footnotes":""},"categories":[48],"tags":[],"class_list":["post-2398","post","type-post","status-publish","format-standard","has-post-thumbnail","hentry","category-wlosy-idealne","et-has-post-format-content","et_post_format-et-post-format-standard"],"_links":{"self":[{"href":"https:\/\/neness.pl\/blog\/wp-json\/wp\/v2\/posts\/2398","targetHints":{"allow":["GET"]}}],"collection":[{"href":"https:\/\/neness.pl\/blog\/wp-json\/wp\/v2\/posts"}],"about":[{"href":"https:\/\/neness.pl\/blog\/wp-json\/wp\/v2\/types\/post"}],"author":[{"embeddable":true,"href":"https:\/\/neness.pl\/blog\/wp-json\/wp\/v2\/users\/2"}],"replies":[{"embeddable":true,"href":"https:\/\/neness.pl\/blog\/wp-json\/wp\/v2\/comments?post=2398"}],"version-history":[{"count":0,"href":"https:\/\/neness.pl\/blog\/wp-json\/wp\/v2\/posts\/2398\/revisions"}],"wp:featuredmedia":[{"embeddable":true,"href":"https:\/\/neness.pl\/blog\/wp-json\/wp\/v2\/media\/2417"}],"wp:attachment":[{"href":"https:\/\/neness.pl\/blog\/wp-json\/wp\/v2\/media?parent=2398"}],"wp:term":[{"taxonomy":"category","embeddable":true,"href":"https:\/\/neness.pl\/blog\/wp-json\/wp\/v2\/categories?post=2398"},{"taxonomy":"post_tag","embeddable":true,"href":"https:\/\/neness.pl\/blog\/wp-json\/wp\/v2\/tags?post=2398"}],"curies":[{"name":"wp","href":"https:\/\/api.w.org\/{rel}","templated":true}]}}