{"id":2382,"date":"2017-05-26T11:40:28","date_gmt":"2017-05-26T09:40:28","guid":{"rendered":"http:\/\/ranking-kosmetykow.pl\/?p=2382"},"modified":"2017-05-26T11:40:28","modified_gmt":"2017-05-26T09:40:28","slug":"przeglad-roz-do-policzkow","status":"publish","type":"post","link":"https:\/\/neness.pl\/blog\/przeglad-roz-do-policzkow\/","title":{"rendered":"Przegl\u0105d &#8211; r\u00f3\u017c do policzk\u00f3w"},"content":{"rendered":"<p>Chyba ka\u017cda z nas ma go w swojej kosmetyczce. Od wiek\u00f3w u\u017cywany przez kobiety, dodawa\u0142 twarzy <strong>koloru<\/strong> i <strong>\u017cycia<\/strong>. O jakim kosmetyku mowa? Oczywi\u015bcie chodzi o r\u00f3\u017c do policzk\u00f3w!<\/p>\n<h3><\/h3>\n<h3>Zacz\u0119\u0142o si\u0119 od rumie\u0144c\u00f3w<\/h3>\n<p>Wi\u0119kszo\u015b\u0107 z nas rumieni si\u0119 lub czerwieni pod wp\u0142ywem silnych emocji. Rumieniec dodaje naszej twarzy<strong> \u015bwie\u017co\u015bci<\/strong>, <strong>o\u017cywia<\/strong> j\u0105, <strong>rozpromienia<\/strong>, potrafi nawet <strong>odm\u0142adza\u0107<\/strong>. Ju\u017c wiele lat temu kobiety zauwa\u017cy\u0142y jak pod wp\u0142ywem koloru zmienia si\u0119 nasz wygl\u0105d i postanowi\u0142y go&#8230; imitowa\u0107.<\/p>\n<p>Pierwszymi r\u00f3\u017cami do policzk\u00f3w by\u0142o to co akurat znalaz\u0142o si\u0119 w zasi\u0119gu r\u0119ki: <strong>sok z burak\u00f3w<\/strong>, <strong>rozgniecione owoce<\/strong> czy <strong>k\u0142\u0105cza konwalii<\/strong>. W najprostszej wersji wystarczy\u0142o przez chwil\u0119 delikatnie podszczypywa\u0107 policzki.<\/p>\n<p><strong>Pierwszy<\/strong> prawdziwy <strong>r\u00f3\u017c<\/strong> zosta\u0142 stworzony oko\u0142o 150 lat temu, na potrzeby <strong>charakteryzacji<\/strong> teatralnej. Do dzi\u015b przetrwa\u0142 niemal w <strong>niezmienionej formie<\/strong>. Kosmetyk ten mia\u0142 r\u00f3wnie\u017c wp\u0142yw na to, \u017ce makija\u017c sta\u0142 si\u0119 <strong>popularny<\/strong> i <strong>powszechnie stosowany<\/strong>, tak\u017ce poza deskami teatru. Dzi\u015b mo\u017cemy wybiera\u0107 z mn\u00f3stwa kolor\u00f3w, formu\u0142 i konsystencji tego fantastycznego kosmetyku.<\/p>\n<h3><\/h3>\n<h3><strong>Jaki rodzaj i kolor wybra\u0107?<\/strong><\/h3>\n<p><strong>Gama<\/strong> kolorystyczna r\u00f3\u017cu do policzk\u00f3w jest bardzo <strong>szeroka<\/strong>. Posiadaczki <strong>bladej<\/strong> i <strong>bardzo jasnej<\/strong> cery zazwyczaj wybieraj\u0105 odcienie <strong>jasnego<\/strong> i<strong> ch\u0142odnego<\/strong> r\u00f3\u017cu lub delikatnej <strong>brzoskwini<\/strong>.<br \/>\nDla karnacji <strong>oliwkowych<\/strong> \u015bwietnie nadaj\u0105 si\u0119 odcienie <strong>miedziane<\/strong>, <strong>koralowe<\/strong> i<strong> ciep\u0142e br\u0105zy<\/strong>.<\/p>\n<p>&nbsp;<\/p>\n<div id=\"attachment_2392\" style=\"width: 544px\" class=\"wp-caption aligncenter\"><a href=\"https:\/\/neness.pl\/kosmetyki\/twarz\/roze_bronzery_i_rozswietlacze\/sleek_paleta_rozy_blush_by_3_365_flame.html\"><img loading=\"lazy\" decoding=\"async\" aria-describedby=\"caption-attachment-2392\" class=\"wp-image-2392\" src=\"http:\/\/ranking-kosmetykow.pl\/wp-content\/uploads\/2017\/05\/bb19a337e3908f73e6fe047e827a7c5e-225x300.jpg\" alt=\"\" width=\"534\" height=\"712\" srcset=\"https:\/\/neness.pl\/blog\/wp-content\/uploads\/2017\/05\/bb19a337e3908f73e6fe047e827a7c5e-225x300.jpg 225w, https:\/\/neness.pl\/blog\/wp-content\/uploads\/2017\/05\/bb19a337e3908f73e6fe047e827a7c5e-610x813.jpg 610w, https:\/\/neness.pl\/blog\/wp-content\/uploads\/2017\/05\/bb19a337e3908f73e6fe047e827a7c5e.jpg 750w\" sizes=\"auto, (max-width: 534px) 100vw, 534px\" \/><\/a><p id=\"caption-attachment-2392\" class=\"wp-caption-text\">Sleek Paleta R\u00f3\u017cy Blush By 3 \/ 25,99 z\u0142<\/p><\/div>\n<p>&nbsp;<\/p>\n<p>Je\u015bli jeste\u015b posiadaczk\u0105 cery <strong>\u015bniadej<\/strong> dobrze mog\u0105 sprawdzi\u0107 si\u0119 r\u00f3\u017ce o odcieniach <strong>pomara\u0144czu<\/strong> lub nawet <strong>delikatnej czerwieni<\/strong>. Cerom<strong> dojrza\u0142ym<\/strong> natomiast poleca si\u0119 stosowanie koloru <strong>morelowego prze\u0142amanego r\u00f3\u017cem<\/strong>, kt\u00f3ry pi\u0119knie odm\u0142odzi twarz, doda \u015bwie\u017co\u015bci i roz\u015bwietlenia.<\/p>\n<p>&nbsp;<\/p>\n<div id=\"attachment_2393\" style=\"width: 535px\" class=\"wp-caption aligncenter\"><a href=\"https:\/\/neness.pl\/kosmetyki\/twarz\/roze_bronzery_i_rozswietlacze\/makeup_revolution_paleta_rozy_sugar_and_spice.html\"><img loading=\"lazy\" decoding=\"async\" aria-describedby=\"caption-attachment-2393\" class=\"wp-image-2393\" src=\"http:\/\/ranking-kosmetykow.pl\/wp-content\/uploads\/2017\/05\/be845eee5e452c8e5f06a44d5873119b-225x300.jpg\" alt=\"\" width=\"525\" height=\"700\" srcset=\"https:\/\/neness.pl\/blog\/wp-content\/uploads\/2017\/05\/be845eee5e452c8e5f06a44d5873119b-225x300.jpg 225w, https:\/\/neness.pl\/blog\/wp-content\/uploads\/2017\/05\/be845eee5e452c8e5f06a44d5873119b-610x813.jpg 610w, https:\/\/neness.pl\/blog\/wp-content\/uploads\/2017\/05\/be845eee5e452c8e5f06a44d5873119b.jpg 750w\" sizes=\"auto, (max-width: 525px) 100vw, 525px\" \/><\/a><p id=\"caption-attachment-2393\" class=\"wp-caption-text\">Makeup Revolution Paleta R\u00f3\u017cy \/ 29.90 z\u0142<\/p><\/div>\n<p>&nbsp;<\/p>\n<p>&nbsp;<\/p>\n<p>Opr\u00f3cz ogromnego wyboru kolor\u00f3w, musimy r\u00f3wnie\u017c wybra\u0107 <strong>konsystencj\u0119<\/strong> produktu. W drogeriach i perfumeriach spotykamy zar\u00f3wno <strong>r\u00f3\u017ce prasowane<\/strong>, <strong>wypiekane<\/strong> i w <strong>kamieniu<\/strong>, kt\u00f3re s\u0105 najbardziej popularne, produkty <strong>sypkie\u00a0<\/strong>(najcz\u0119\u015bciej kosmetyki mineralne), o konsystencjach <strong>kremowych<\/strong>, <strong>p\u0142ynnych<\/strong> lub w formie <strong>sztyftu<\/strong>. Ponadto mo\u017cemy zdecydowa\u0107 si\u0119 na produkt <strong>matowy<\/strong> lub<strong> roz\u015bwietlaj\u0105cy<\/strong>, kt\u00f3ry zazwyczaj posiada <strong>z\u0142ote<\/strong> lub <strong>srebrne<\/strong> b\u0142yszcz\u0105ce <strong>drobinki<\/strong>.<\/p>\n<p>&nbsp;<\/p>\n<div id=\"attachment_2391\" style=\"width: 348px\" class=\"wp-caption aligncenter\"><a href=\"https:\/\/neness.pl\/kosmetyki\/twarz\/roze_bronzery_i_rozswietlacze\/makeup_revolution_roz_vivid_baked_blush_one_for_playing_games.html\"><img loading=\"lazy\" decoding=\"async\" aria-describedby=\"caption-attachment-2391\" class=\"wp-image-2391\" src=\"http:\/\/ranking-kosmetykow.pl\/wp-content\/uploads\/2017\/05\/ba465922c8fbe19dea009162b28b3e8d-225x300.jpg\" alt=\"\" width=\"338\" height=\"451\" srcset=\"https:\/\/neness.pl\/blog\/wp-content\/uploads\/2017\/05\/ba465922c8fbe19dea009162b28b3e8d-225x300.jpg 225w, https:\/\/neness.pl\/blog\/wp-content\/uploads\/2017\/05\/ba465922c8fbe19dea009162b28b3e8d-610x813.jpg 610w, https:\/\/neness.pl\/blog\/wp-content\/uploads\/2017\/05\/ba465922c8fbe19dea009162b28b3e8d.jpg 750w\" sizes=\"auto, (max-width: 338px) 100vw, 338px\" \/><\/a><p id=\"caption-attachment-2391\" class=\"wp-caption-text\">Makeup Revolution R\u00f3\u017c Vivid Baked Blush \/ 13,49 z\u0142<\/p><\/div>\n<p>&nbsp;<\/p>\n<p>&nbsp;<\/p>\n<p>R\u00f3\u017c warto r\u00f3wnie\u017c dobra\u0107 do <strong>typu<\/strong> naszej cery. Kosmetyki sypkie i w kamieniu s\u0105 <strong>uniwersalne<\/strong>, \u015bwietnie sprawdz\u0105 si\u0119 u ka\u017cdej z nas, jednak szczeg\u00f3lnie zadowolone b\u0119d\u0105 posiadaczki cer <strong>t\u0142ustych<\/strong> i <strong>mieszanych<\/strong>. R\u00f3\u017c kremowy i p\u0142ynny bardzo dobrze b\u0119dzie wygl\u0105da\u0142 na sk\u00f3rze <strong>suchej<\/strong> lub <strong>normalnej<\/strong>.<\/p>\n<h3><\/h3>\n<h3>Jak u\u017cywa\u0107 r\u00f3\u017cu?<\/h3>\n<p>R\u00f3\u017c do policzk\u00f3w mo\u017cemy stosowa\u0107 <strong>samodzielnie<\/strong> lub w towarzystwie bronzera i roz\u015bwietlacza. Solo \u015bwietnie sprawdza si\u0119 w <strong>makija\u017cach na co dzie\u0144<\/strong>. Do produkt\u00f3w sypkich i w kamieniu \u00a0\u015bwietnie sprawdzi si\u0119 <strong>p\u0119dzel<\/strong> ze sko\u015bno <strong>\u015bci\u0119tym w\u0142osiem<\/strong>. R\u00f3\u017c w formie p\u0142ynnej lub kremowej najwygodniej jest nak\u0142ada\u0107 <strong>palcami<\/strong> lub <strong>g\u0105beczk\u0105<\/strong> do makija\u017cu.<\/p>\n<p>Kosmetyk nak\u0142adamy na <strong>ko\u015bci policzkowe<\/strong>, czyli na najbardziej <strong>wystaj\u0105c\u0105<\/strong> cz\u0119\u015b\u0107 naszych policzk\u00f3w. \u0141atwiej b\u0119dzie zlokalizowa\u0107 to miejsce, \u00a0je\u015bli przed na\u0142o\u017ceniem produktu szeroko u\u015bmiechniemy si\u0119 do lustra &#8211; &#8222;jab\u0142uszka&#8221;, czyli <strong>wypuk\u0142o\u015bci<\/strong>, kt\u00f3re pojawi\u0105 si\u0119 na twarzy s\u0105 odpowiednim miejsce do aplikacji kosmetyku.<\/p>\n<p>Pami\u0119tajmy, aby dobrze rozetrze\u0107 granice, je\u015bli u\u017cywasz r\u00f3wnie\u017c bronzera i roz\u015bwietlacza. Podczas nak\u0142adania, zwr\u00f3\u0107 uwag\u0119 na to, aby\u00a0r\u00f3\u017c nie stanowi\u0142 najbardziej wyrazistego elementu makija\u017cu twarzy, w tej roli lepiej sprawdzaj\u0105 si\u0119 oczy lub usta, dlatego warto nak\u0142ada\u0107 go z <strong>umiarem<\/strong>.<\/p>\n","protected":false},"excerpt":{"rendered":"<p>Chyba ka\u017cda z nas ma go w swojej kosmetyczce. Od wiek\u00f3w u\u017cywany przez kobiety, dodawa\u0142 twarzy koloru i \u017cycia. O jakim kosmetyku mowa? Oczywi\u015bcie chodzi o r\u00f3\u017c do policzk\u00f3w! Zacz\u0119\u0142o si\u0119 od rumie\u0144c\u00f3w Wi\u0119kszo\u015b\u0107 z nas rumieni si\u0119 lub czerwieni pod wp\u0142ywem silnych emocji. Rumieniec dodaje naszej twarzy \u015bwie\u017co\u015bci, o\u017cywia j\u0105, rozpromienia, potrafi nawet odm\u0142adza\u0107. [&hellip;]<\/p>\n","protected":false},"author":2,"featured_media":2387,"comment_status":"open","ping_status":"open","sticky":false,"template":"","format":"standard","meta":{"_et_pb_use_builder":"","_et_pb_old_content":"","_et_gb_content_width":"","footnotes":""},"categories":[41],"tags":[],"class_list":["post-2382","post","type-post","status-publish","format-standard","has-post-thumbnail","hentry","category-olsniewaj-makijazem","et-has-post-format-content","et_post_format-et-post-format-standard"],"_links":{"self":[{"href":"https:\/\/neness.pl\/blog\/wp-json\/wp\/v2\/posts\/2382","targetHints":{"allow":["GET"]}}],"collection":[{"href":"https:\/\/neness.pl\/blog\/wp-json\/wp\/v2\/posts"}],"about":[{"href":"https:\/\/neness.pl\/blog\/wp-json\/wp\/v2\/types\/post"}],"author":[{"embeddable":true,"href":"https:\/\/neness.pl\/blog\/wp-json\/wp\/v2\/users\/2"}],"replies":[{"embeddable":true,"href":"https:\/\/neness.pl\/blog\/wp-json\/wp\/v2\/comments?post=2382"}],"version-history":[{"count":0,"href":"https:\/\/neness.pl\/blog\/wp-json\/wp\/v2\/posts\/2382\/revisions"}],"wp:featuredmedia":[{"embeddable":true,"href":"https:\/\/neness.pl\/blog\/wp-json\/wp\/v2\/media\/2387"}],"wp:attachment":[{"href":"https:\/\/neness.pl\/blog\/wp-json\/wp\/v2\/media?parent=2382"}],"wp:term":[{"taxonomy":"category","embeddable":true,"href":"https:\/\/neness.pl\/blog\/wp-json\/wp\/v2\/categories?post=2382"},{"taxonomy":"post_tag","embeddable":true,"href":"https:\/\/neness.pl\/blog\/wp-json\/wp\/v2\/tags?post=2382"}],"curies":[{"name":"wp","href":"https:\/\/api.w.org\/{rel}","templated":true}]}}