{"id":2345,"date":"2017-05-24T14:17:17","date_gmt":"2017-05-24T12:17:17","guid":{"rendered":"http:\/\/ranking-kosmetykow.pl\/?p=2345"},"modified":"2017-05-24T14:17:17","modified_gmt":"2017-05-24T12:17:17","slug":"2-w-1-szminka-i-balsam","status":"publish","type":"post","link":"https:\/\/neness.pl\/blog\/2-w-1-szminka-i-balsam\/","title":{"rendered":"2 w 1 &#8211; szminka i balsam"},"content":{"rendered":"<p>Rynek kosmetyczny pe\u0142en jest <strong>wielofunkcyjnych<\/strong> kosmetyk\u00f3w, dwa, trzy, cztery czy nawet osiem w jednym. Spotykamy je za zar\u00f3wno w\u015br\u00f3d produkt\u00f3w do piel\u0119gnacji cia\u0142a, twarzy, paznokci, a tak\u017ce w kosmetykach do makija\u017cu. Chyba ka\u017cda z nas u\u017cywa\u0142a chocia\u017c raz w \u017cyciu szamponu do w\u0142os\u00f3w, kt\u00f3ry mia\u0142 od razu nawil\u017cy\u0107 w\u0142osy (bez potrzeby u\u017cywania maski) czy te\u017c s\u0142ynnej od\u017cywki osiem w jednym do zniszczonych paznokci. Nie b\u0119dziecie wi\u0119c zaskoczeni, \u017ce r\u00f3wnie\u017c pomadki do ust wyst\u0119puj\u0105 w wersji podw\u00f3jnej czyli <strong>2 w 1<\/strong>.<\/p>\n<h3>Szminka czy balsam?<\/h3>\n<p>Wszystkie produkty do ust &#8211; pomadki, szminki, b\u0142yszczyki, balsamy mo\u017cemy podzieli\u0107 na dwie kategorie. O ile\u00a0te pierwsze\u00a0stworzone zosta\u0142y przede wszystkim do tego, aby doda\u0107 naszym wargom koloru i b\u0142ysku, tak balsamy i pomadki piel\u0119gnacyjne przede wszystkim dbaj\u0105 o ich zdrowie i g\u0142adko\u015b\u0107.<br \/>\nU\u017cywanie kolorowych produkt\u00f3w do ust cz\u0119sto pomaga nam poprawi\u0107 <strong>niedoskona\u0142o\u015bci<\/strong>, na przyk\u0142ad jasny, po\u0142yskliwy b\u0142yszczyk pomo\u017ce <strong>powi\u0119kszy\u0107<\/strong> niewielkie usta, matowa szminka w ciemniejszym odcieniu delikatnie je <strong>pomniejszy<\/strong>. Kolor ust dobieramy te\u017c cz\u0119sto do stroju, pory roku lub cho\u0107by nastroju danego dnia. Jednak u\u017cywanie wielu matowych lub bardzo trwa\u0142ych produkt\u00f3w mo\u017ce mie\u0107 <strong>negatywny wp\u0142yw<\/strong> na to jak nasze usta b\u0119d\u0105 wygl\u0105da\u0107 gdy zmyjemy makija\u017c. Wtedy z pomoc\u0105 przychodzi nam <strong>balsam<\/strong> lub <strong>pomadka piel\u0119gnacyjna<\/strong>, dost\u0119pna nie tylko w ka\u017cdej drogerii, ale tak\u017ce w aptece. Produkty te zawieraj\u0105 zazwyczaj wiele substancji, kt\u00f3re dzia\u0142aj\u0105 <strong>od\u017cywczo<\/strong>, <strong>wyg\u0142adzaj\u0105co<\/strong> i <strong>nawil\u017caj\u0105co<\/strong> na wyj\u0105tkowo delikatn\u0105 sk\u00f3r\u0119 warg. W ich sk\u0142ad wchodz\u0105 <strong>naturalne mas\u0142a<\/strong> (np. mas\u0142o shea, mas\u0142o kakaowe), <strong>wosk pszczeli<\/strong>, witaminy (zw\u0142aszcza witamina E), olejki piel\u0119gnacyjne lub <strong>mi\u00f3d<\/strong>. Jednak u\u017cywanie t\u0142ustych balsam\u00f3w mo\u017ce niekorzystnie wp\u0142ywa\u0107 na trwa\u0142o\u015b\u0107 i wygl\u0105d mocno napigmentowanych szminek.<\/p>\n<h3>Czy musz\u0119 wybiera\u0107?<\/h3>\n<p>Odpowied\u017a na to pytanie jest bardzo prosta. Nie musimy si\u0119 ju\u017c martwi\u0107, \u017ce szminka w ukochanym kolorze sp\u0142ynie z ust, bo wcze\u015bniej u\u017cy\u0142y\u015bmy ochronnej pomadki, aby zabezpieczy\u0107 wargi przed wysuszeniem. Coraz cz\u0119\u015bciej producenci kosmetyk\u00f3w wychodz\u0105 naszym potrzebom na przeciw i wprowadzaj\u0105 na rynek <strong>pomadki dwa w jednym<\/strong>, kt\u00f3re opr\u00f3cz tego, \u017ce nadaj\u0105 kolor, maj\u0105 w swoim sk\u0142adzie<strong> substancje od\u017cywiaj\u0105ce<\/strong> usta.<\/p>\n<p>&nbsp;<\/p>\n<p>&nbsp;<\/p>\n<div id=\"attachment_2351\" style=\"width: 502px\" class=\"wp-caption aligncenter\"><a href=\"https:\/\/neness.pl\/kosmetyki\/usta\/balsamy_i_maselka\/revlon_balsam_colorburst_lacquer_115_whimsical.html\"><img loading=\"lazy\" decoding=\"async\" aria-describedby=\"caption-attachment-2351\" class=\"wp-image-2351\" src=\"http:\/\/ranking-kosmetykow.pl\/wp-content\/uploads\/2017\/05\/revlon-225x300.png\" alt=\"\" width=\"492\" height=\"656\" srcset=\"https:\/\/neness.pl\/blog\/wp-content\/uploads\/2017\/05\/revlon-225x300.png 225w, https:\/\/neness.pl\/blog\/wp-content\/uploads\/2017\/05\/revlon-610x813.png 610w, https:\/\/neness.pl\/blog\/wp-content\/uploads\/2017\/05\/revlon.png 750w\" sizes=\"auto, (max-width: 492px) 100vw, 492px\" \/><\/a><p id=\"caption-attachment-2351\" class=\"wp-caption-text\">Revlon Balsam Colorburst Lacquer \/ 13,40 z\u0142<\/p><\/div>\n<p>&nbsp;<\/p>\n<p>&nbsp;<\/p>\n<p>Chocia\u017c w takich produktach pigment nie jest tak intensywny,\u00a0a trwa\u0142o\u015b\u0107 a\u017c tak zjawiskowa, jak w zwyk\u0142ych szminkach, to <strong>komfort<\/strong> ich noszenia jest o wiele wi\u0119kszy. Poleca si\u0119 je zw\u0142aszcza osobom, kt\u00f3re na co dzie\u0144 zmagaj\u0105 si\u0119 ze <strong>spierzchni\u0119tymi<\/strong> i <strong>wysuszonymi<\/strong> ustami, a nie chc\u0105 rezygnowa\u0107 z koloru na ustach.<\/p>\n<p>&nbsp;<\/p>\n<p>&nbsp;<\/p>\n<div id=\"attachment_2352\" style=\"width: 452px\" class=\"wp-caption aligncenter\"><a href=\"https:\/\/neness.pl\/kosmetyki\/usta\/balsamy_i_maselka\/revlon_szminka_balsam_colorburst_lip_butter_005.html\"><img loading=\"lazy\" decoding=\"async\" aria-describedby=\"caption-attachment-2352\" class=\"wp-image-2352\" src=\"http:\/\/ranking-kosmetykow.pl\/wp-content\/uploads\/2017\/05\/revlon2-225x300.jpg\" alt=\"\" width=\"442\" height=\"590\" srcset=\"https:\/\/neness.pl\/blog\/wp-content\/uploads\/2017\/05\/revlon2-225x300.jpg 225w, https:\/\/neness.pl\/blog\/wp-content\/uploads\/2017\/05\/revlon2-610x813.jpg 610w, https:\/\/neness.pl\/blog\/wp-content\/uploads\/2017\/05\/revlon2.jpg 750w\" sizes=\"auto, (max-width: 442px) 100vw, 442px\" \/><\/a><p id=\"caption-attachment-2352\" class=\"wp-caption-text\">Revlon Szminka Balsam Colorburst Lip Butter \/<br \/> 13,90 z\u0142<\/p><\/div>\n<p>&nbsp;<\/p>\n<p>&nbsp;<\/p>\n<p>Zazwyczaj takie wielofunkcyjne produkty maj\u0105 w swoim sk\u0142adzie na przyk\u0142ad mas\u0142o mango czy olej kokosowy, kt\u00f3re cz\u0119sto wyst\u0119puj\u0105 tak\u017ce w sztyftach ochronnych. Najcz\u0119\u015bciej spotka\u0107 mo\u017cna \u00a0te w formie podobnej do szminek, chocia\u017c coraz bardziej popularne \u00a0staj\u0105 si\u0119 balsamy koloryzuj\u0105ce w postaci grubej <strong>kredki<\/strong>. Taka forma u\u0142atwia nak\u0142adanie produktu na usta, bo nie potrzeba do niej lusterka ani kontur\u00f3wki. Nadaj\u0105 wargom\u00a0subtelny kolor, a jednocze\u015bnie maj\u0105 <strong>zbawcze dzia\u0142anie<\/strong> balsamu.<\/p>\n","protected":false},"excerpt":{"rendered":"<p>Rynek kosmetyczny pe\u0142en jest wielofunkcyjnych kosmetyk\u00f3w, dwa, trzy, cztery czy nawet osiem w jednym. Spotykamy je za zar\u00f3wno w\u015br\u00f3d produkt\u00f3w do piel\u0119gnacji cia\u0142a, twarzy, paznokci, a tak\u017ce w kosmetykach do makija\u017cu. Chyba ka\u017cda z nas u\u017cywa\u0142a chocia\u017c raz w \u017cyciu szamponu do w\u0142os\u00f3w, kt\u00f3ry mia\u0142 od razu nawil\u017cy\u0107 w\u0142osy (bez potrzeby u\u017cywania maski) czy te\u017c [&hellip;]<\/p>\n","protected":false},"author":2,"featured_media":2350,"comment_status":"open","ping_status":"open","sticky":false,"template":"","format":"standard","meta":{"_et_pb_use_builder":"","_et_pb_old_content":"","_et_gb_content_width":"","footnotes":""},"categories":[41],"tags":[],"class_list":["post-2345","post","type-post","status-publish","format-standard","has-post-thumbnail","hentry","category-olsniewaj-makijazem","et-has-post-format-content","et_post_format-et-post-format-standard"],"_links":{"self":[{"href":"https:\/\/neness.pl\/blog\/wp-json\/wp\/v2\/posts\/2345","targetHints":{"allow":["GET"]}}],"collection":[{"href":"https:\/\/neness.pl\/blog\/wp-json\/wp\/v2\/posts"}],"about":[{"href":"https:\/\/neness.pl\/blog\/wp-json\/wp\/v2\/types\/post"}],"author":[{"embeddable":true,"href":"https:\/\/neness.pl\/blog\/wp-json\/wp\/v2\/users\/2"}],"replies":[{"embeddable":true,"href":"https:\/\/neness.pl\/blog\/wp-json\/wp\/v2\/comments?post=2345"}],"version-history":[{"count":0,"href":"https:\/\/neness.pl\/blog\/wp-json\/wp\/v2\/posts\/2345\/revisions"}],"wp:featuredmedia":[{"embeddable":true,"href":"https:\/\/neness.pl\/blog\/wp-json\/wp\/v2\/media\/2350"}],"wp:attachment":[{"href":"https:\/\/neness.pl\/blog\/wp-json\/wp\/v2\/media?parent=2345"}],"wp:term":[{"taxonomy":"category","embeddable":true,"href":"https:\/\/neness.pl\/blog\/wp-json\/wp\/v2\/categories?post=2345"},{"taxonomy":"post_tag","embeddable":true,"href":"https:\/\/neness.pl\/blog\/wp-json\/wp\/v2\/tags?post=2345"}],"curies":[{"name":"wp","href":"https:\/\/api.w.org\/{rel}","templated":true}]}}