{"id":2306,"date":"2017-05-22T11:32:37","date_gmt":"2017-05-22T09:32:37","guid":{"rendered":"http:\/\/ranking-kosmetykow.pl\/?p=2306"},"modified":"2017-05-22T11:32:37","modified_gmt":"2017-05-22T09:32:37","slug":"na-piekne-wlosy-keratyna","status":"publish","type":"post","link":"https:\/\/neness.pl\/blog\/na-piekne-wlosy-keratyna\/","title":{"rendered":"Na pi\u0119kne w\u0142osy &#8211; keratyna!"},"content":{"rendered":"<p>Ka\u017cda z nas marzy o g\u0142adkich i l\u015bni\u0105cych w\u0142osach. Jedn\u0105 z substancji, kt\u00f3ra mo\u017ce pom\u00f3c w codziennej piel\u0119gnacji jest keratyna, kt\u00f3ra cieszy si\u0119 coraz wi\u0119ksz\u0105 popularno\u015bci\u0105. W dzisiejszym artykule odpowiemy na pytanie dlaczego warto j\u0105 stosowa\u0107.<\/p>\n<h3>Czym jest keratyna?<\/h3>\n<p>Keratyna to <strong>bia\u0142ko<\/strong>, kt\u00f3re jest jednym z budulc\u00f3w naszych w\u0142os\u00f3w, sk\u00f3ry i paznokci. We w\u0142osach obecna jest w ich \u0142odydze, inaczej nazywanej kor\u0105 i ma wp\u0142yw na ich kondycj\u0119, a tak\u017ce na <strong>odporno\u015b\u0107<\/strong> wobec czynnik\u00f3w zewn\u0119trznych. W\u0142\u00f3kna keratyny s\u0105 po\u0142\u0105czone ze sob\u0105 specjalnymi poprzecznymi wi\u0105zaniami, co sprawia, \u017ce w\u0142osy s\u0105 elastyczne i spr\u0119\u017cyste. Poza tym keratyna znajduje si\u0119 r\u00f3wnie\u017c w zewn\u0119trznej otoczce w\u0142osa &#8211; dzi\u0119ki niej maj\u0105 one <strong>po\u0142ysk<\/strong> i <strong>blask<\/strong>. To r\u00f3wnie\u017c keratyna decyduje o tym, czy w\u0142osy b\u0119d\u0105 proste czy kr\u0119cone.\u00a0Niedob\u00f3r keratyny powoduje otwieranie si\u0119 \u0142usek w\u0142osa, \u0142amliwo\u015b\u0107 oraz rozdwajanie si\u0119 ko\u0144c\u00f3wek.<\/p>\n<h3>Zabiegi profesjonalne<\/h3>\n<p>Ze wzgl\u0119du na swoje w\u0142a\u015bciwo\u015bci substancja ta cz\u0119sto wykorzystywana jest w profesjonalnych zabiegach fryzjerskich takich jak keratynowe (brazylijskie) <strong>prostowanie<\/strong> w\u0142os\u00f3w, kt\u00f3re stosuje si\u0119 w celu wyg\u0142adzenia i wyprostowania, a tak\u017ce wzmocnienia w\u0142os\u00f3w. Uzupe\u0142nia ona niedobory tego sk\u0142adnika w strukturze w\u0142osa. Zabieg ten polecany jest zw\u0142aszcza kobietom, kt\u00f3re walcz\u0105 z pusz\u0105cymi si\u0119, trudnymi do uk\u0142adania w\u0142osami. Zabieg mo\u017cna zastosowa\u0107 na w\u0142osach rozja\u015bnianych, farbowanych i zniszczonych. Warto pami\u0119ta\u0107, \u017ce po takim zabiegu nie nale\u017cy w\u0142os\u00f3w moczy\u0107 i my\u0107 przez co najmniej 48 godzin oraz wi\u0105za\u0107 i upina\u0107 (a nawet zak\u0142ada\u0107 za ucho!). Zasad tych nale\u017cy przestrzega\u0107 do pierwszego mycia. By jak najd\u0142u\u017cej cieszy\u0107 si\u0119 efektem zabiegu, warto co pewien\u00a0czas u\u017cywa\u0107 od\u017cywek z keratyn\u0105 w sk\u0142adzie.<\/p>\n<h3>Keratyna w kosmetykach<\/h3>\n<p>Je\u015bli mamy ochot\u0119 skorzysta\u0107 z dobroczynnego dzia\u0142ania keratyny nie musimy od razu udawa\u0107 si\u0119 na profesjonalny zabieg do salonu fryzjerskiego. W drogeriach kosmetycznych znajdziemy szeroki wyb\u00f3r kosmetyk\u00f3w zawieraj\u0105cych ten sk\u0142adnik.<\/p>\n<div id=\"attachment_2313\" style=\"width: 339px\" class=\"wp-caption aligncenter\"><a href=\"https:\/\/neness.pl\/kosmetyki\/wlosy\/olejki\/kallos_mleczko_keratynowe_do_wlosow_50_ml.html\"><img loading=\"lazy\" decoding=\"async\" aria-describedby=\"caption-attachment-2313\" class=\"wp-image-2313\" src=\"http:\/\/ranking-kosmetykow.pl\/wp-content\/uploads\/2017\/05\/kallos-mleczko.jpg\" alt=\"\" width=\"329\" height=\"439\" srcset=\"https:\/\/neness.pl\/blog\/wp-content\/uploads\/2017\/05\/kallos-mleczko.jpg 750w, https:\/\/neness.pl\/blog\/wp-content\/uploads\/2017\/05\/kallos-mleczko-225x300.jpg 225w, https:\/\/neness.pl\/blog\/wp-content\/uploads\/2017\/05\/kallos-mleczko-610x813.jpg 610w\" sizes=\"auto, (max-width: 329px) 100vw, 329px\" \/><\/a><p id=\"caption-attachment-2313\" class=\"wp-caption-text\">Kallos &#8211; Mleczko Keratynowe do W\u0142os\u00f3w \/11,90 z\u0142<\/p><\/div>\n<p>&nbsp;<\/p>\n<p>Fryzjerzy zalecaj\u0105 regularne stosowanie produkt\u00f3w zawieraj\u0105cych <strong>keratyn\u0119 hydrolizowan\u0105<\/strong>, kt\u00f3ra <strong>wzmocni<\/strong> i <strong>wyg\u0142adzi<\/strong> w\u0142osy, zwi\u0119kszy ich obj\u0119to\u015b\u0107, przywr\u00f3ci blask i po\u0142ysk, wp\u0142ynie korzystnie na stan sk\u00f3ry g\u0142owy i ograniczy negatywny wp\u0142yw promieni UV. Hydrolizat keratyny \u015bwietnie \u0142\u0105czy si\u0119 z naturalnym bia\u0142kiem w\u0142os\u00f3w i <strong>odbudowuje<\/strong> uszkodzenia ich struktury. Kosmetyki z keratyn\u0105 \u015bwietnie sprawdzaj\u0105 si\u0119 w codziennej piel\u0119gnacji nie tylko w\u0142os\u00f3w zniszczonych, ale tak\u017ce zdrowych, jednak szczeg\u00f3lnie dobrze sprawdzaj\u0105 si\u0119 przy w\u0142osach suchych, bardzo zniszczonych i matowych. Nale\u017cy jednak pami\u0119ta\u0107, \u017ce keratyna jest bia\u0142kiem i nie nale\u017cy przesadza\u0107 z jej stosowaniem. W drogeriach mo\u017cna znale\u017a\u0107 szeroki wyb\u00f3r kosmetyk\u00f3w zawieraj\u0105cych keratyn\u0119, zaczynaj\u0105c od szampon\u00f3w, przez <strong>od\u017cywki<\/strong>, <strong>maski<\/strong> a\u017c po <strong>mleczka<\/strong>. Poza keratyn\u0105 zawieraj\u0105 one najcz\u0119\u015bciej <strong>wyci\u0105gi z ro\u015blin<\/strong>, dobroczynne <strong>oleje<\/strong>, <strong>proteiny mleczne<\/strong> oraz kompleks <strong>witamin<\/strong>, kt\u00f3re wp\u0142ywaj\u0105 regeneruj\u0105co na w\u0142osy. Warto pami\u0119ta\u0107, \u017ce\u00a0aby uzyska\u0107 pe\u0142en\u00a0efekt, po u\u017cyciu keratynowej maski mo\u017cna wysuszy\u0107 w\u0142osy ciep\u0142ym strumieniem powietrza suszarki, a nast\u0119pnie sp\u0142uka\u0107 nadmiar od\u017cywki.<\/p>\n","protected":false},"excerpt":{"rendered":"<p>Ka\u017cda z nas marzy o g\u0142adkich i l\u015bni\u0105cych w\u0142osach. Jedn\u0105 z substancji, kt\u00f3ra mo\u017ce pom\u00f3c w codziennej piel\u0119gnacji jest keratyna, kt\u00f3ra cieszy si\u0119 coraz wi\u0119ksz\u0105 popularno\u015bci\u0105. W dzisiejszym artykule odpowiemy na pytanie dlaczego warto j\u0105 stosowa\u0107. Czym jest keratyna? Keratyna to bia\u0142ko, kt\u00f3re jest jednym z budulc\u00f3w naszych w\u0142os\u00f3w, sk\u00f3ry i paznokci. We w\u0142osach obecna [&hellip;]<\/p>\n","protected":false},"author":2,"featured_media":2311,"comment_status":"open","ping_status":"open","sticky":false,"template":"","format":"standard","meta":{"_et_pb_use_builder":"","_et_pb_old_content":"","_et_gb_content_width":"","footnotes":""},"categories":[48],"tags":[],"class_list":["post-2306","post","type-post","status-publish","format-standard","has-post-thumbnail","hentry","category-wlosy-idealne","et-has-post-format-content","et_post_format-et-post-format-standard"],"_links":{"self":[{"href":"https:\/\/neness.pl\/blog\/wp-json\/wp\/v2\/posts\/2306","targetHints":{"allow":["GET"]}}],"collection":[{"href":"https:\/\/neness.pl\/blog\/wp-json\/wp\/v2\/posts"}],"about":[{"href":"https:\/\/neness.pl\/blog\/wp-json\/wp\/v2\/types\/post"}],"author":[{"embeddable":true,"href":"https:\/\/neness.pl\/blog\/wp-json\/wp\/v2\/users\/2"}],"replies":[{"embeddable":true,"href":"https:\/\/neness.pl\/blog\/wp-json\/wp\/v2\/comments?post=2306"}],"version-history":[{"count":0,"href":"https:\/\/neness.pl\/blog\/wp-json\/wp\/v2\/posts\/2306\/revisions"}],"wp:featuredmedia":[{"embeddable":true,"href":"https:\/\/neness.pl\/blog\/wp-json\/wp\/v2\/media\/2311"}],"wp:attachment":[{"href":"https:\/\/neness.pl\/blog\/wp-json\/wp\/v2\/media?parent=2306"}],"wp:term":[{"taxonomy":"category","embeddable":true,"href":"https:\/\/neness.pl\/blog\/wp-json\/wp\/v2\/categories?post=2306"},{"taxonomy":"post_tag","embeddable":true,"href":"https:\/\/neness.pl\/blog\/wp-json\/wp\/v2\/tags?post=2306"}],"curies":[{"name":"wp","href":"https:\/\/api.w.org\/{rel}","templated":true}]}}