{"id":2165,"date":"2017-04-26T10:25:28","date_gmt":"2017-04-26T08:25:28","guid":{"rendered":"http:\/\/ranking-kosmetykow.pl\/?p=2165"},"modified":"2017-04-26T10:25:28","modified_gmt":"2017-04-26T08:25:28","slug":"cera-tradzikowa-jak-o-nia-zadbac","status":"publish","type":"post","link":"https:\/\/neness.pl\/blog\/cera-tradzikowa-jak-o-nia-zadbac\/","title":{"rendered":"Cera tr\u0105dzikowa. Jak o ni\u0105 zadba\u0107?"},"content":{"rendered":"<section class=\"grid-item-wide article secondary-font\">Tr\u0105dzik. Najcz\u0119\u015bciej kojarzy nam si\u0119 z dolegliwo\u015bci\u0105, kt\u00f3ra dotyka nastolatk\u00f3w. Nic bardziej mylnego. Z tr\u0105dzikiem bardzo cz\u0119sto walcz\u0105 r\u00f3wnie\u017c <strong>doro\u015bli<\/strong> ludzie, dlatego nale\u017cy go leczy\u0107 pod kontrol\u0105 <strong>dermatologa<\/strong> i to bez wzgl\u0119du na wiek pacjenta. Aby pozby\u0107 si\u0119 tr\u0105dziku niezb\u0119dne jest opr\u00f3cz kontroli dermatologicznej przyswojenie sobie<strong> kilku zasad piel\u0119gnacji<\/strong> cery \u00a0z problemami.\u00a0<\/section>\n<section class=\"grid-item-wide article secondary-font\">\n&nbsp;<\/p>\n<h3>Dlaczego piel\u0119gnacja jest tak wa\u017cna?<\/h3>\n<p>Leczenie tr\u0105dziku jest <strong>d\u0142ugie<\/strong> i niestety <strong>trudne<\/strong>. Dlatego te\u017c piel\u0119gnacja cery tr\u0105dzikowej, jest bardzo wa\u017cna zar\u00f3wno w <strong>leczeniu<\/strong>, jak i w <strong>zapobieganiu<\/strong> kolejnych zmian.<\/p>\n<\/section>\n<section class=\"grid-item-wide article secondary-font\">\n<h3>Je\u017celi masz cer\u0119 tr\u0105dzikow\u0105, pami\u0119taj o tych kilku radach<\/h3>\n<p><strong>Nawil\u017cenie i oczyszczenie<\/strong> &#8211; wbrew pozorom, cery tr\u0105dzikowej nie mo\u017cna przesuszy\u0107. Specjalista powinien dobra\u0107 nam odpowiednie <strong>kremy<\/strong>, <strong>ma\u015bci<\/strong> i leki doustne, a tak\u017ce wspom\u00f3c nas <strong>zabiegami leczniczymi.<\/strong> Nie mo\u017cna stosowa\u0107 krem\u00f3w do <strong>cery suchej!<\/strong> Niewskazane s\u0105 r\u00f3wnie\u017c preparaty z zawarto\u015bci\u0105 <strong>alkoholu<\/strong>. Niestety, wysuszaj\u0105 i mog\u0105 prowadzi\u0107 do podra\u017cnie\u0144.<\/p>\n<p>Wa\u017cne jest r\u00f3wnie\u017c, aby u\u017cywa\u0107 preparat\u00f3w, kt\u00f3re opieraj\u0105 si\u0119 na <strong>hamowaniu powstawania zask\u00f3rnik\u00f3w<\/strong>, z\u0142uszczaniu rogowaciej\u0105cego nask\u00f3rka i <strong>zmniejszaniu \u0142ojotoku<\/strong>. Niestety, wi\u0119kszo\u015b\u0107 od\u017cywczych preparat\u00f3w mo\u017ce przyczynia\u0107 si\u0119 do <strong>zatykania<\/strong> uj\u015bcia gruczo\u0142u \u0142ojowego.<\/p>\n<p><strong>Peelingi i z\u0142uszczanie<\/strong> &#8211; nie zapominajmy o wykonywaniu peeling\u00f3w. Najlepsze b\u0119d\u0105 te <strong>enzymatyczne<\/strong>, s\u0105 delikatne i na pewno nie podra\u017cni\u0105 sk\u00f3ry. Peeling<strong> wyg\u0142adzi sk\u00f3r\u0119<\/strong> i rozja\u015bni j\u0105.<\/p>\n<p><strong>Ochrona i maskowanie<\/strong> &#8211; w okresie letnim nie zapominajmy o odpowiednim zabezpieczeniu sk\u00f3ry kremem z <strong>filtrem<\/strong> SPF 50.<\/p>\n<p>Je\u017celi stosujesz korektory do twarzy dobrze, aby by\u0142y one <strong>dobrane<\/strong> specjalnie do Twojego typu cery, w tym przypadku tr\u0105dzikowej.<\/p>\n<div id=\"attachment_2173\" style=\"width: 497px\" class=\"wp-caption aligncenter\"><a href=\"https:\/\/neness.pl\/kosmetyki\/akcesoria\/demakijaz_i_oczyszczanie\/pilaten_black_mask_oczyszczajaca_czarna_maska_60g.html\" target=\"_blank\" rel=\"noopener noreferrer\"><img loading=\"lazy\" decoding=\"async\" aria-describedby=\"caption-attachment-2173\" class=\"wp-image-2173 \" src=\"http:\/\/ranking-kosmetykow.pl\/wp-content\/uploads\/2017\/04\/ff34f5148e0fa1849b3ac23fcbf662eb.jpg\" alt=\"\" width=\"487\" height=\"649\" srcset=\"https:\/\/neness.pl\/blog\/wp-content\/uploads\/2017\/04\/ff34f5148e0fa1849b3ac23fcbf662eb.jpg 750w, https:\/\/neness.pl\/blog\/wp-content\/uploads\/2017\/04\/ff34f5148e0fa1849b3ac23fcbf662eb-225x300.jpg 225w, https:\/\/neness.pl\/blog\/wp-content\/uploads\/2017\/04\/ff34f5148e0fa1849b3ac23fcbf662eb-610x813.jpg 610w\" sizes=\"auto, (max-width: 487px) 100vw, 487px\" \/><\/a><p id=\"caption-attachment-2173\" class=\"wp-caption-text\">Pilaten Black Mask Oczyszczaj\u0105ca Czarna Maska \/ 19,90 z\u0142<\/p><\/div>\n<p>&nbsp;<br \/>\nDo najcz\u0119stszych <strong>zalece\u0144<\/strong> w piel\u0119gnacji sk\u00f3ry tr\u0105dzikowej, nale\u017c\u0105:<\/p>\n<ul>\n<li>stosowanie antybakteryjnego <strong>\u017celu<\/strong> do mycia twarzy,najlepiej przeznaczonego do cery tr\u0105dzikowej. Nie myj twarzy zwyk\u0142ym myd\u0142em!<\/li>\n<li>przemywanie sk\u00f3r\u0119 twarzy antybakteryjnym <strong>tonikiem<\/strong>,<\/li>\n<li>stosowanie na dzie\u0144 <strong>krem<\/strong> matuj\u0105cego i antybakteryjnego,<\/li>\n<li>wykonanie <strong>peelingu<\/strong> lub na\u0142o\u017cenie maseczki oczyszczaj\u0105cej,<\/li>\n<li>stosowanie latem wspomnianych <strong>krem\u00f3w z filtrem UVA\/UVB,<\/strong><\/li>\n<li><strong>dieta<\/strong> bogata w warzywa i owoce,<\/li>\n<li>stosowanie do makija\u017cu antybakteryjnych <strong>kosmetyk\u00f3w<\/strong>,<\/li>\n<li>uzupe\u0142nianie diety m.in. <strong>solami cynku<\/strong>.<\/li>\n<\/ul>\n<p>&nbsp;<br \/>\n<div id=\"attachment_2174\" style=\"width: 412px\" class=\"wp-caption aligncenter\"><a href=\"https:\/\/neness.pl\/kosmetyki\/twarz\/podklady_i_pudry\/ecocera_transparentny_puder_ryzowy_fixer.html\" target=\"_blank\" rel=\"noopener noreferrer\"><img loading=\"lazy\" decoding=\"async\" aria-describedby=\"caption-attachment-2174\" class=\"wp-image-2174 \" src=\"http:\/\/ranking-kosmetykow.pl\/wp-content\/uploads\/2017\/04\/cbe9896e5142eb3fdb92b45a3f669f4e.png\" alt=\"\" width=\"402\" height=\"536\" srcset=\"https:\/\/neness.pl\/blog\/wp-content\/uploads\/2017\/04\/cbe9896e5142eb3fdb92b45a3f669f4e.png 750w, https:\/\/neness.pl\/blog\/wp-content\/uploads\/2017\/04\/cbe9896e5142eb3fdb92b45a3f669f4e-225x300.png 225w, https:\/\/neness.pl\/blog\/wp-content\/uploads\/2017\/04\/cbe9896e5142eb3fdb92b45a3f669f4e-610x813.png 610w\" sizes=\"auto, (max-width: 402px) 100vw, 402px\" \/><\/a><p id=\"caption-attachment-2174\" class=\"wp-caption-text\">EcoCera Transparentny Puder Ry\u017cowy Fixer \/ 18,90 z\u0142<\/p><\/div><\/p>\n<h3><\/h3>\n<h3>Najcz\u0119stsze sk\u0142adniki kosmetyk\u00f3w do cery tr\u0105dzikowej<\/h3>\n<ul>\n<li>Siarka i ro\u015blinne wyci\u0105gi,<\/li>\n<li>Kwasy &#8211; kwasy octowe AHA,<\/li>\n<li>Propolis &#8211; dzia\u0142a bakteriob\u00f3jczo i grzybob\u00f3jczo. Skutecznie pomaga w walce ze stanami ropnymi i zapalnymi,<\/li>\n<li>Tlenek cynku &#8211; absorbuje nadmiar wydzielanego przez gruczo\u0142y \u0142ojowe t\u0142uszczu, znajdziemy go w wielu ma\u015bciach.<\/li>\n<\/ul>\n<\/section>\n<aside class=\"sidebar-box sidebar-box--promo\"><\/aside>\n","protected":false},"excerpt":{"rendered":"<p>Tr\u0105dzik. Najcz\u0119\u015bciej kojarzy nam si\u0119 z dolegliwo\u015bci\u0105, kt\u00f3ra dotyka nastolatk\u00f3w. Nic bardziej mylnego. Z tr\u0105dzikiem bardzo cz\u0119sto walcz\u0105 r\u00f3wnie\u017c doro\u015bli ludzie, dlatego nale\u017cy go leczy\u0107 pod kontrol\u0105 dermatologa i to bez wzgl\u0119du na wiek pacjenta. Aby pozby\u0107 si\u0119 tr\u0105dziku niezb\u0119dne jest opr\u00f3cz kontroli dermatologicznej przyswojenie sobie kilku zasad piel\u0119gnacji cery \u00a0z problemami.\u00a0 &nbsp; Dlaczego piel\u0119gnacja [&hellip;]<\/p>\n","protected":false},"author":2,"featured_media":2171,"comment_status":"open","ping_status":"open","sticky":false,"template":"","format":"standard","meta":{"_et_pb_use_builder":"","_et_pb_old_content":"","_et_gb_content_width":"","footnotes":""},"categories":[185],"tags":[],"class_list":["post-2165","post","type-post","status-publish","format-standard","has-post-thumbnail","hentry","category-codzienna-pielegnacja","et-has-post-format-content","et_post_format-et-post-format-standard"],"_links":{"self":[{"href":"https:\/\/neness.pl\/blog\/wp-json\/wp\/v2\/posts\/2165","targetHints":{"allow":["GET"]}}],"collection":[{"href":"https:\/\/neness.pl\/blog\/wp-json\/wp\/v2\/posts"}],"about":[{"href":"https:\/\/neness.pl\/blog\/wp-json\/wp\/v2\/types\/post"}],"author":[{"embeddable":true,"href":"https:\/\/neness.pl\/blog\/wp-json\/wp\/v2\/users\/2"}],"replies":[{"embeddable":true,"href":"https:\/\/neness.pl\/blog\/wp-json\/wp\/v2\/comments?post=2165"}],"version-history":[{"count":0,"href":"https:\/\/neness.pl\/blog\/wp-json\/wp\/v2\/posts\/2165\/revisions"}],"wp:featuredmedia":[{"embeddable":true,"href":"https:\/\/neness.pl\/blog\/wp-json\/wp\/v2\/media\/2171"}],"wp:attachment":[{"href":"https:\/\/neness.pl\/blog\/wp-json\/wp\/v2\/media?parent=2165"}],"wp:term":[{"taxonomy":"category","embeddable":true,"href":"https:\/\/neness.pl\/blog\/wp-json\/wp\/v2\/categories?post=2165"},{"taxonomy":"post_tag","embeddable":true,"href":"https:\/\/neness.pl\/blog\/wp-json\/wp\/v2\/tags?post=2165"}],"curies":[{"name":"wp","href":"https:\/\/api.w.org\/{rel}","templated":true}]}}