{"id":1956,"date":"2017-04-20T12:04:09","date_gmt":"2017-04-20T10:04:09","guid":{"rendered":"http:\/\/ranking-kosmetykow.pl\/?p=1956"},"modified":"2017-04-20T12:04:09","modified_gmt":"2017-04-20T10:04:09","slug":"walczymy-z-problemem-suchej-skory","status":"publish","type":"post","link":"https:\/\/neness.pl\/blog\/walczymy-z-problemem-suchej-skory\/","title":{"rendered":"Walczymy z problemem suchej sk\u00f3ry"},"content":{"rendered":"<p>Uczucie spierzchni\u0119tej, suchej sk\u00f3ry towarzyszy Ci niemal na co dzie\u0144? Nie tylko Ty masz ten problem. Wiele os\u00f3b zmaga si\u0119 z such\u0105 sk\u00f3r\u0105. Wyst\u0119puj\u0105ca sucho\u015b\u0107 jest wynikiem stosowania m.in. <strong>wysuszaj\u0105cych myde\u0142<\/strong>, szorstkich ubra\u0144, niew\u0142a\u015bciwej piel\u0119gnacji i cz\u0119stych, d\u0142ugich i <strong>gor\u0105cych k\u0105pieli.<\/strong> Ponadto, na sucho\u015b\u0107 nask\u00f3rka mog\u0105 mie\u0107 wp\u0142yw r\u00f3wnie\u017c przewlek\u0142e choroby, takie jak <strong>cukrzyca<\/strong> czy <strong>\u0142uszczyca<\/strong>.<\/p>\n<h3><\/h3>\n<p>&nbsp;<\/p>\n<h3>Charakterystyka suchej sk\u00f3ry<\/h3>\n<p>Sucha sk\u00f3ra to sk\u00f3ra pozbawiona warstwy ochronnej lipid\u00f3w, co prowadzi do <strong>podra\u017cnie\u0144<\/strong> i <strong>zaczerwienienia<\/strong>. Jest matowa,\u00a0szorstka, po myciu cz\u0119sto \u015bci\u0105ga si\u0119 i napina. Niestety, sucha sk\u00f3ra <strong>szybciej si\u0119 starzeje<\/strong>, a zmarszczki mimiczne pojawiaj\u0105 si\u0119 na niej wcze\u015bniej, ni\u017c u posiadaczy sk\u00f3ry <strong>mieszanej<\/strong> i <strong>t\u0142ustej<\/strong>.\u00a0Sucha sk\u00f3ra wytwarza <strong>mniej sebum.\u00a0<\/strong>Ma\u0142a ilo\u015b\u0107 sebum, brak lipid\u00f3w, to wszystko sprawia, \u017ce sk\u00f3ra nie utrzymuje odpowiedniego poziomu nawil\u017cenia.<\/p>\n<p>Najbardziej nara\u017cone na podra\u017cnienie i wyst\u0119powanie sucho\u015bci sk\u00f3ry s\u0105 te cz\u0119\u015bci cia\u0142a, kt\u00f3re s\u0105 wystawione na bezpo\u015brednie dzia\u0142anie szkodliwych czynnik\u00f3w zewn\u0119trznych, czyli <strong>d\u0142onie<\/strong> i sk\u00f3ra <strong>twarzy<\/strong>.<\/p>\n<p>Sk\u00f3ra sucha, ze wzgl\u0119du na wy\u017cej wymienione problemy, wymaga wi\u0119kszej uwagi i dok\u0142adniejszej piel\u0119gnacji. Nie mo\u017cna jednak przedobrzy\u0107, poniewa\u017c zbyt\u00a0cz\u0119ste oczyszczanie i peelingowanie, mo\u017ce pogorszy\u0107 jej stan.<\/p>\n<p>Najwa\u017cniejsza w przypadku suchej sk\u00f3ry jest wspomniana piel\u0119gnacja. Nie wystarczy tu tylko stosowanie kremu, ale nale\u017cy zwraca\u0107 r\u00f3wnie\u017c uwag\u0119 na <strong>spos\u00f3b jego aplikacji.<\/strong> Dobrym patentem jest na\u0142o\u017cenie kremu na<strong> lekko wilgotn\u0105 twarz.<\/strong><\/p>\n<div id=\"attachment_1964\" style=\"width: 465px\" class=\"wp-caption aligncenter\"><a href=\"https:\/\/neness.pl\/kosmetyki\/wlosy\/olejki\/ecocera_olej_kokosowy_314ml.html\" target=\"_blank\" rel=\"noopener\"><img loading=\"lazy\" decoding=\"async\" aria-describedby=\"caption-attachment-1964\" class=\"wp-image-1964 \" src=\"http:\/\/ranking-kosmetykow.pl\/wp-content\/uploads\/2017\/04\/bfacaa97a98966c5cd92e33975ba3d7c.jpg\" alt=\"\" width=\"455\" height=\"607\" srcset=\"https:\/\/neness.pl\/blog\/wp-content\/uploads\/2017\/04\/bfacaa97a98966c5cd92e33975ba3d7c.jpg 750w, https:\/\/neness.pl\/blog\/wp-content\/uploads\/2017\/04\/bfacaa97a98966c5cd92e33975ba3d7c-225x300.jpg 225w, https:\/\/neness.pl\/blog\/wp-content\/uploads\/2017\/04\/bfacaa97a98966c5cd92e33975ba3d7c-610x813.jpg 610w\" sizes=\"auto, (max-width: 455px) 100vw, 455px\" \/><\/a><p id=\"caption-attachment-1964\" class=\"wp-caption-text\">EcoCera Olej Kokosowy \/ 14,90 z\u0142<\/p><\/div>\n<p>&nbsp;<\/p>\n<h3>Stosuj odpowiednie kosmetyki<\/h3>\n<p>Przede wszystkim, dobierz odpowiedni dla siebie krem <strong>nawil\u017caj\u0105cy<\/strong> i <strong>nat\u0142uszczaj\u0105cy<\/strong>. Krem nawil\u017caj\u0105cy naturalnie uzupe\u0142ni obecno\u015b\u0107 <strong>czynnik\u00f3w nawil\u017caj\u0105cych<\/strong>, kt\u00f3re dostarczaj\u0105 i wi\u0105\u017c\u0105 wilgo\u0107 w rogowej warstwie sk\u00f3ry. Kosmetyk nat\u0142uszczaj\u0105cy, uzupe\u0142ni <strong>poziom lipid\u00f3w<\/strong> i zabezpieczy sk\u00f3r\u0119 przed dalsz\u0105, nadmiern\u0105 utrat\u0105 wilgoci.<\/p>\n<p>Krem nawil\u017caj\u0105cy na dzie\u0144, powinien zawiera\u0107 <strong>filtr UV<\/strong>, zabezpieczaj\u0105cy przed wysuszaj\u0105cym dzia\u0142aniem s\u0142o\u0144ca, a krem na noc powinien <strong>nat\u0142uszcza\u0107<\/strong>, regenerowa\u0107 i nawil\u017ca\u0107 sk\u00f3r\u0119. Tutaj najlepsze b\u0119d\u0105 kremy p\u00f3\u0142t\u0142uste, od\u017cywcze, albo t\u0142uste, zawieraj\u0105ce olejki ro\u015blinne i emolienty.<\/p>\n<p>Podczas demakija\u017cu, zdecydowanie lepsze b\u0119d\u0105 mleczka, emulsje i toniki, z przeznaczeniem do sk\u00f3ry suchej. Mo\u017cesz r\u00f3wnie\u017c zastosowa\u0107<strong> p\u0142yn micelarny<\/strong>, \u00a0poniewa\u017c nie narusza on warstwy ochronnej sk\u00f3ry. Peeling raz w tygodniu, ale <strong>enzymatyczny<\/strong>. Po peelingu dobrze jest na\u0142o\u017cy\u0107 <strong>maseczk\u0119<\/strong> od\u017cywcz\u0105 lub nawil\u017caj\u0105c\u0105.<\/p>\n<p>&nbsp;<\/p>\n<h3>Zadbaj o such\u0105 sk\u00f3r\u0119 na co dzie\u0144<\/h3>\n<p>Ka\u017cdego dnia mo\u017cesz zatroszczy\u0107 si\u0119 o swoj\u0105 such\u0105 sk\u00f3r\u0119. Przestrzegaj kilku, prostych zasad.<\/p>\n<ul>\n<li>Pami\u0119taj o wyborze odpowiedniego <strong>proszku<\/strong>. Im mniej substancji zapachowych b\u0119dzie zawiera\u0142, tym lepiej dla Twojej sk\u00f3ry.\u00a0Podczas noszenia ubra\u0144\u00a0zwr\u00f3\u0107 uwag\u0119, aby nie by\u0142y<strong> zbyt ciasne<\/strong>, lepsze b\u0119d\u0105 tu lu\u017aniejsze spodnie i bluzki.<\/li>\n<li>Gdy sucha sk\u00f3ra jest wynikiem za\u017cywania <strong>niew\u0142a\u015bciwych lek\u00f3w<\/strong>, konieczna b\u0119dzie konsultacja z lekarzem.<\/li>\n<li>Pod prysznicem, powinna\u015b sko\u0144czy\u0107 z wod\u0105 gor\u0105c\u0105. Przestaw si\u0119 na <strong>ch\u0142odniejsza<\/strong>. B\u0119dzie trudniej, ale na pewno lepiej dla Twojej sk\u00f3ry.<\/li>\n<li>W nawyk powinno Ci wej\u015b\u0107 <strong>regularne picie wody<\/strong>, a tak\u017ce jedzenie du\u017cej ilo\u015bci <strong>warzyw<\/strong> i \u00a0<strong>owoc\u00f3w<\/strong>. Owoce i warzywa s\u0105 \u015bwietnym zastrzykiem witamin i minera\u0142\u00f3w, doskonale nawil\u017caj\u0105 r\u00f3wnie\u017c cer\u0119!<\/li>\n<\/ul>\n","protected":false},"excerpt":{"rendered":"<p>Uczucie spierzchni\u0119tej, suchej sk\u00f3ry towarzyszy Ci niemal na co dzie\u0144? Nie tylko Ty masz ten problem. Wiele os\u00f3b zmaga si\u0119 z such\u0105 sk\u00f3r\u0105. Wyst\u0119puj\u0105ca sucho\u015b\u0107 jest wynikiem stosowania m.in. wysuszaj\u0105cych myde\u0142, szorstkich ubra\u0144, niew\u0142a\u015bciwej piel\u0119gnacji i cz\u0119stych, d\u0142ugich i gor\u0105cych k\u0105pieli. Ponadto, na sucho\u015b\u0107 nask\u00f3rka mog\u0105 mie\u0107 wp\u0142yw r\u00f3wnie\u017c przewlek\u0142e choroby, takie jak cukrzyca czy [&hellip;]<\/p>\n","protected":false},"author":2,"featured_media":1960,"comment_status":"open","ping_status":"open","sticky":false,"template":"","format":"standard","meta":{"_et_pb_use_builder":"","_et_pb_old_content":"","_et_gb_content_width":"","footnotes":""},"categories":[185],"tags":[],"class_list":["post-1956","post","type-post","status-publish","format-standard","has-post-thumbnail","hentry","category-codzienna-pielegnacja","et-has-post-format-content","et_post_format-et-post-format-standard"],"_links":{"self":[{"href":"https:\/\/neness.pl\/blog\/wp-json\/wp\/v2\/posts\/1956","targetHints":{"allow":["GET"]}}],"collection":[{"href":"https:\/\/neness.pl\/blog\/wp-json\/wp\/v2\/posts"}],"about":[{"href":"https:\/\/neness.pl\/blog\/wp-json\/wp\/v2\/types\/post"}],"author":[{"embeddable":true,"href":"https:\/\/neness.pl\/blog\/wp-json\/wp\/v2\/users\/2"}],"replies":[{"embeddable":true,"href":"https:\/\/neness.pl\/blog\/wp-json\/wp\/v2\/comments?post=1956"}],"version-history":[{"count":0,"href":"https:\/\/neness.pl\/blog\/wp-json\/wp\/v2\/posts\/1956\/revisions"}],"wp:featuredmedia":[{"embeddable":true,"href":"https:\/\/neness.pl\/blog\/wp-json\/wp\/v2\/media\/1960"}],"wp:attachment":[{"href":"https:\/\/neness.pl\/blog\/wp-json\/wp\/v2\/media?parent=1956"}],"wp:term":[{"taxonomy":"category","embeddable":true,"href":"https:\/\/neness.pl\/blog\/wp-json\/wp\/v2\/categories?post=1956"},{"taxonomy":"post_tag","embeddable":true,"href":"https:\/\/neness.pl\/blog\/wp-json\/wp\/v2\/tags?post=1956"}],"curies":[{"name":"wp","href":"https:\/\/api.w.org\/{rel}","templated":true}]}}