{"id":1918,"date":"2017-04-14T09:33:30","date_gmt":"2017-04-14T07:33:30","guid":{"rendered":"http:\/\/ranking-kosmetykow.pl\/?p=1918"},"modified":"2017-04-14T09:33:30","modified_gmt":"2017-04-14T07:33:30","slug":"fryzura-na-wesele-trendy-w-upieciach","status":"publish","type":"post","link":"https:\/\/neness.pl\/blog\/fryzura-na-wesele-trendy-w-upieciach\/","title":{"rendered":"Fryzura na wesele. Trendy w upi\u0119ciach"},"content":{"rendered":"<p>Przed nami sezon weselny. Niezale\u017cnie od tego, czy jeste\u015b \u015bwiadkow\u0105 czy zaproszonym go\u015bciem, chcesz wygl\u0105da\u0107 tego dnia wyj\u0105tkowo \u00a0i z klas\u0105. Nic tak nie dodaje kobiecie szyku i uroku jak dopasowana sukienka, ale r\u00f3wnie\u017c odpowiednio dobrany makija\u017c i fryzura. Przyjrzymy si\u0119 dzi\u015b <strong>najmodniejszym upi\u0119ciom<\/strong> na tegoroczne wesela.<br \/>\n&nbsp;<\/p>\n<h3>Zacznijmy od pocz\u0105tku<\/h3>\n<p>Na samym pocz\u0105tku powinna\u015b zada\u0107 sobie pytanie, co Ci\u0119 interesuje. Czy oczekujesz fryzury <strong>delikatnej<\/strong> i <strong>kobiecej<\/strong> z efektownie wyci\u0105gni\u0119tymi kosmykami w\u0142os\u00f3w i stawiasz na naturalno\u015b\u0107, czy mo\u017ce Twoja bujna czupryna pozwala na bardziej <strong>efektowne upi\u0119cie<\/strong>?\u00a0Pami\u0119taj, \u017ce fryzura powinna wsp\u00f3\u0142gra\u0107 z Twoj\u0105 <strong>sukienk\u0105<\/strong> i idealnie komponowa\u0107 si\u0119 z kreacj\u0105, charakterem przyj\u0119cia (zw\u0142aszcza, je\u017celi wybierasz si\u0119 na wesele tematyczne lub plenerowe), a przede wszystkim musi podoba\u0107 si\u0119 Tobie.<\/p>\n<p>Je\u017celi wesele b\u0119dzie <strong>skromne<\/strong>, nie na miejscu jest balowa suknia i ekstrawagancka fryzura, a gdy \u015blub odb\u0119dzie si\u0119 w <strong>plenerze<\/strong>, mo\u017cesz postawi\u0107 na lu\u017ane loki z delikatn\u0105 <strong>opask\u0105<\/strong>.<\/p>\n<p>Dzi\u0119ki odpowiedziom na powy\u017csze pytania, ju\u017c na samym pocz\u0105tku o wiele \u0142atwiej Ci b\u0119dzie wybra\u0107 najw\u0142a\u015bciwsze dla siebie upi\u0119cie. Niezwykle istotne jest r\u00f3wnie\u017c, aby unika\u0107 fryzur nieodpowiednich do swojego <strong>wieku<\/strong> i podobnych do <strong>upi\u0119cia Panny M\u0142odej.<\/strong><\/p>\n<p>W sezonie 2017, stawiamy na <strong>klasyczne fryzury<\/strong> w <strong>nowoczesnym wydaniu<\/strong>, kobiece upi\u0119cia, warkocze i naturalnie puszczone, delikatnie pofalowane w\u0142osy, koniecznie\u00a0z b\u0142yszcz\u0105cymi ozdobami we w\u0142osach.<\/p>\n<p>&nbsp;<\/p>\n<h3>Kobiece upi\u0119cie &#8211; delikatne, zebrane fale<\/h3>\n<p>Delikatnie pofalowane i upi\u0119te elegancko w\u0142osy, nale\u017c\u0105 do najpopularniejszych fryzur w tym roku. Co wi\u0119cej, takie upi\u0119cie daje bardzo wiele mo\u017cliwo\u015bci, poniewa\u017c mo\u017cesz dobra\u0107 do w\u0142os\u00f3w b\u0142yszcz\u0105ce <strong>spinki<\/strong>, subtelne <strong>wst\u0105\u017cki<\/strong>, a pojedyncze kosmyki w\u0142os\u00f3w nadadz\u0105 Twojej twarzy pi\u0119kn\u0105 opraw\u0119. Je\u017celi masz w\u0142osy <strong>\u015brednie<\/strong> i <strong>d\u0142ugie<\/strong>, bez problemu powinna\u015b wykona\u0107 takie upi\u0119cie.<\/p>\n<div id=\"attachment_1924\" style=\"width: 1034px\" class=\"wp-caption aligncenter\"><img loading=\"lazy\" decoding=\"async\" aria-describedby=\"caption-attachment-1924\" class=\"wp-image-1924 size-large\" src=\"http:\/\/ranking-kosmetykow.pl\/wp-content\/uploads\/2017\/04\/Fotolia_131361061_Subscription_L-1024x683.jpg\" alt=\"\" width=\"1024\" height=\"683\" srcset=\"https:\/\/neness.pl\/blog\/wp-content\/uploads\/2017\/04\/Fotolia_131361061_Subscription_L-1024x683.jpg 1024w, https:\/\/neness.pl\/blog\/wp-content\/uploads\/2017\/04\/Fotolia_131361061_Subscription_L-300x200.jpg 300w, https:\/\/neness.pl\/blog\/wp-content\/uploads\/2017\/04\/Fotolia_131361061_Subscription_L-768x512.jpg 768w, https:\/\/neness.pl\/blog\/wp-content\/uploads\/2017\/04\/Fotolia_131361061_Subscription_L-1080x720.jpg 1080w, https:\/\/neness.pl\/blog\/wp-content\/uploads\/2017\/04\/Fotolia_131361061_Subscription_L-610x407.jpg 610w, https:\/\/neness.pl\/blog\/wp-content\/uploads\/2017\/04\/Fotolia_131361061_Subscription_L.jpg 1498w\" sizes=\"auto, (max-width: 1024px) 100vw, 1024px\" \/><p id=\"caption-attachment-1924\" class=\"wp-caption-text\">fotolia.com, 131361061 | Autor: frantic01010<\/p><\/div>\n<p>&nbsp;<\/p>\n<h3>D\u0142ugie, rozpuszczone w\u0142osy<\/h3>\n<p>Do sukienki z odkrytymi ramiona,\u00a0doskonale\u00a0pasuj\u0105 puszyste loki i naturalne fale, kt\u00f3re dodaj\u0105 uroku. Koniecznie musisz przyozdobi\u0107 tak\u0105 fryzur\u0119 <strong>wpi\u0119tym kwiatkiem<\/strong>, ale mo\u017cesz te\u017c lekko <strong>upi\u0105\u0107 fale<\/strong> z jednej strony. Nie musisz falowa\u0107 w\u0142os\u00f3w na ca\u0142ej ich d\u0142ugo\u015bci. Mo\u017cesz r\u00f3wnie\u017c pofalowa\u0107 je <strong>jedynie od po\u0142owy.<\/strong><\/p>\n<div id=\"attachment_1925\" style=\"width: 1034px\" class=\"wp-caption aligncenter\"><img loading=\"lazy\" decoding=\"async\" aria-describedby=\"caption-attachment-1925\" class=\"wp-image-1925 size-large\" src=\"http:\/\/ranking-kosmetykow.pl\/wp-content\/uploads\/2017\/04\/Fotolia_111419389_Subscription_XXL-1024x683.jpg\" alt=\"\" width=\"1024\" height=\"683\" srcset=\"https:\/\/neness.pl\/blog\/wp-content\/uploads\/2017\/04\/Fotolia_111419389_Subscription_XXL-1024x683.jpg 1024w, https:\/\/neness.pl\/blog\/wp-content\/uploads\/2017\/04\/Fotolia_111419389_Subscription_XXL-300x200.jpg 300w, https:\/\/neness.pl\/blog\/wp-content\/uploads\/2017\/04\/Fotolia_111419389_Subscription_XXL-768x512.jpg 768w, https:\/\/neness.pl\/blog\/wp-content\/uploads\/2017\/04\/Fotolia_111419389_Subscription_XXL-1536x1024.jpg 1536w, https:\/\/neness.pl\/blog\/wp-content\/uploads\/2017\/04\/Fotolia_111419389_Subscription_XXL-1080x720.jpg 1080w, https:\/\/neness.pl\/blog\/wp-content\/uploads\/2017\/04\/Fotolia_111419389_Subscription_XXL-610x407.jpg 610w, https:\/\/neness.pl\/blog\/wp-content\/uploads\/2017\/04\/Fotolia_111419389_Subscription_XXL.jpg 1554w\" sizes=\"auto, (max-width: 1024px) 100vw, 1024px\" \/><p id=\"caption-attachment-1925\" class=\"wp-caption-text\">fotolia.com, 111419389 | Autor: Maryia Bahutskaya<\/p><\/div>\n<p>&nbsp;<\/p>\n<h3>Dziewcz\u0119co &#8211; warkocze<\/h3>\n<p>Warkocze i plecionki absolutnie ka\u017cdego typu, s\u0105 niezwykle <strong>romantyczne<\/strong> i <strong>dziewcz\u0119ce<\/strong>. Mo\u017cesz nieco zaszale\u0107 i u\u0142o\u017cy\u0107 je <strong>niesymetrycznie<\/strong>. Warkocze ju\u017c od wielu sezon\u00f3w kr\u00f3luj\u0105 w weselnym sezonie i doskonale odnajd\u0105 si\u0119 na ka\u017cdego typu uroczysto\u015bci weselnej. Przy plecionkach, masz ogromne mo\u017cliwo\u015bci je\u017celi chodzi o dodatki do w\u0142os\u00f3w!<\/p>\n<div id=\"attachment_1926\" style=\"width: 445px\" class=\"wp-caption aligncenter\"><img loading=\"lazy\" decoding=\"async\" aria-describedby=\"caption-attachment-1926\" class=\"wp-image-1926 \" src=\"http:\/\/ranking-kosmetykow.pl\/wp-content\/uploads\/2017\/04\/Fotolia_95201825_Subscription_XL-768x1024.jpg\" alt=\"\" width=\"435\" height=\"580\" srcset=\"https:\/\/neness.pl\/blog\/wp-content\/uploads\/2017\/04\/Fotolia_95201825_Subscription_XL-768x1024.jpg 768w, https:\/\/neness.pl\/blog\/wp-content\/uploads\/2017\/04\/Fotolia_95201825_Subscription_XL-225x300.jpg 225w, https:\/\/neness.pl\/blog\/wp-content\/uploads\/2017\/04\/Fotolia_95201825_Subscription_XL-1152x1536.jpg 1152w, https:\/\/neness.pl\/blog\/wp-content\/uploads\/2017\/04\/Fotolia_95201825_Subscription_XL-1080x1440.jpg 1080w, https:\/\/neness.pl\/blog\/wp-content\/uploads\/2017\/04\/Fotolia_95201825_Subscription_XL-610x813.jpg 610w, https:\/\/neness.pl\/blog\/wp-content\/uploads\/2017\/04\/Fotolia_95201825_Subscription_XL.jpg 1457w\" sizes=\"auto, (max-width: 435px) 100vw, 435px\" \/><p id=\"caption-attachment-1926\" class=\"wp-caption-text\">fotolia.com, 95201825 | Autor: soup studio<\/p><\/div>\n<p>&nbsp;<\/p>\n<div>\n<h3>Pami\u0119taj o dodatkach<\/h3>\n<p>Twoja fryzura, niezale\u017cnie od tego, jak\u0105 wybierzesz, doskonale b\u0119dzie wsp\u00f3\u0142gra\u0107 z najmodniejszymi dodatkami. Na rynku znajdziesz ogromn\u0105 ilo\u015b\u0107 dodatk\u00f3w do \u015blubnych uczesa\u0144, <strong>spinki<\/strong>, <strong>wsuwki<\/strong>, <strong>pere\u0142ki<\/strong>, <strong>opaski<\/strong>, modne w tym sezonie <strong>wianki<\/strong>. Warto wzi\u0105\u0107 pod uwag\u0119 styl fryzury, aby nie przesadzi\u0107 z rozmaito\u015bciami na g\u0142owie, czu\u0107 si\u0119 pi\u0119knie i swobodnie.<\/p>\n<\/div>\n<h2><\/h2>\n<p>&nbsp;<\/p>\n","protected":false},"excerpt":{"rendered":"<p>Przed nami sezon weselny. Niezale\u017cnie od tego, czy jeste\u015b \u015bwiadkow\u0105 czy zaproszonym go\u015bciem, chcesz wygl\u0105da\u0107 tego dnia wyj\u0105tkowo \u00a0i z klas\u0105. Nic tak nie dodaje kobiecie szyku i uroku jak dopasowana sukienka, ale r\u00f3wnie\u017c odpowiednio dobrany makija\u017c i fryzura. Przyjrzymy si\u0119 dzi\u015b najmodniejszym upi\u0119ciom na tegoroczne wesela. &nbsp; Zacznijmy od pocz\u0105tku Na samym pocz\u0105tku powinna\u015b [&hellip;]<\/p>\n","protected":false},"author":2,"featured_media":1923,"comment_status":"open","ping_status":"open","sticky":false,"template":"","format":"standard","meta":{"_et_pb_use_builder":"","_et_pb_old_content":"","_et_gb_content_width":"","footnotes":""},"categories":[48],"tags":[],"class_list":["post-1918","post","type-post","status-publish","format-standard","has-post-thumbnail","hentry","category-wlosy-idealne","et-has-post-format-content","et_post_format-et-post-format-standard"],"_links":{"self":[{"href":"https:\/\/neness.pl\/blog\/wp-json\/wp\/v2\/posts\/1918","targetHints":{"allow":["GET"]}}],"collection":[{"href":"https:\/\/neness.pl\/blog\/wp-json\/wp\/v2\/posts"}],"about":[{"href":"https:\/\/neness.pl\/blog\/wp-json\/wp\/v2\/types\/post"}],"author":[{"embeddable":true,"href":"https:\/\/neness.pl\/blog\/wp-json\/wp\/v2\/users\/2"}],"replies":[{"embeddable":true,"href":"https:\/\/neness.pl\/blog\/wp-json\/wp\/v2\/comments?post=1918"}],"version-history":[{"count":0,"href":"https:\/\/neness.pl\/blog\/wp-json\/wp\/v2\/posts\/1918\/revisions"}],"wp:featuredmedia":[{"embeddable":true,"href":"https:\/\/neness.pl\/blog\/wp-json\/wp\/v2\/media\/1923"}],"wp:attachment":[{"href":"https:\/\/neness.pl\/blog\/wp-json\/wp\/v2\/media?parent=1918"}],"wp:term":[{"taxonomy":"category","embeddable":true,"href":"https:\/\/neness.pl\/blog\/wp-json\/wp\/v2\/categories?post=1918"},{"taxonomy":"post_tag","embeddable":true,"href":"https:\/\/neness.pl\/blog\/wp-json\/wp\/v2\/tags?post=1918"}],"curies":[{"name":"wp","href":"https:\/\/api.w.org\/{rel}","templated":true}]}}