{"id":1888,"date":"2017-04-13T10:48:52","date_gmt":"2017-04-13T08:48:52","guid":{"rendered":"http:\/\/ranking-kosmetykow.pl\/?p=1888"},"modified":"2017-04-13T10:48:52","modified_gmt":"2017-04-13T08:48:52","slug":"zapach-na-wiosne-czego-uzywac-gdy-robi-sie-cieplej","status":"publish","type":"post","link":"https:\/\/neness.pl\/blog\/zapach-na-wiosne-czego-uzywac-gdy-robi-sie-cieplej\/","title":{"rendered":"Zapach na wiosn\u0119. Czego u\u017cywa\u0107, gdy robi si\u0119 cieplej?"},"content":{"rendered":"<p>Wiosn\u0105 przyroda budzi si\u0119 do \u017cycia i my wi\u0119c chcemy pachnie\u0107 inaczej ni\u017c zim\u0105. Decydujemy si\u0119 wi\u0119c na zapachy, kt\u00f3re s\u0105 <strong>lekkie<\/strong>, <strong>orze\u017awiaj\u0105ce<\/strong>, bardziej pasuj\u0105 do wiosennej, s\u0142onecznej aury i podkre\u015blaj\u0105 wiosenn\u0105 rado\u015b\u0107.<\/p>\n<p>Wiosenne perfumy to przede wszystkim <strong>bukiet kwiat\u00f3w<\/strong>, dlatego to w\u0142a\u015bnie kwiatowe zapachy wybieramy wtedy najcz\u0119\u015bciej. Pi\u017cma, ci\u0119\u017ckie, zimowe zapachy chowamy g\u0142\u0119boko do szuflady, a zast\u0119pujemy je<strong> owocowo &#8211; kwiatow\u0105 rado\u015bci\u0105.<\/strong><\/p>\n<h3>Sk\u0142ad wiosennych perfum<\/h3>\n<p>Wiosenne perfumy maj\u0105 w sk\u0142adzie najcz\u0119\u015bciej:<\/p>\n<ul>\n<li>stokrotk\u0119<\/li>\n<li>gardeni\u0119<\/li>\n<li>ja\u015bmin<\/li>\n<li>bergamotk\u0119<\/li>\n<li>mandarynk\u0119<\/li>\n<li>cytryn\u0119<\/li>\n<li>kwiat passiflory<\/li>\n<\/ul>\n<p>Wiosn\u0105\u00a0najcz\u0119\u015bciej decydujemy si\u0119 na dwie kategorie zapachowe, wspomnian\u0105 <strong>kwiatow\u0105<\/strong> oraz <strong>cytrusow\u0105<\/strong>.<\/p>\n<p><strong>Kategoria kwiatowa<\/strong> jest uwielbiana przez kobiety, dlatego te\u017c najliczniej reprezentowana w wiosennych perfumach. Nadaje zapachowi <strong>kobieco\u015bci<\/strong>, <strong>delikatno\u015bci<\/strong> i emanuje <strong>romantyzmem<\/strong>. Najcz\u0119\u015bciej w kompozycjach kwiatowych znajdziemy <strong>r\u00f3\u017c\u0119<\/strong>, <strong>ja\u015bmin<\/strong>, <strong>go\u017adziki<\/strong>, kwiat lotosu, gardeni\u0119, konwali\u0119 &#8211; pi\u0119kne, \u0142agodne i delikatne.<\/p>\n<p>Druga kategoria to <strong>kategoria cytrusowa,\u00a0<\/strong>jedna z najstarszych i najpopularniejszych. Orze\u017awiaj\u0105ce cytrusy doskonale sprawdzaj\u0105\u00a0si\u0119 podczas wiosennych i letnich dni. Bardzo cz\u0119sto wi\u0119c, <strong>cytrusowe aromaty<\/strong> pojawiaj\u0105 si\u0119 w wodach toaletowych i perfumach w l\u017cejszych wersjach klasycznych i dobrze znanych zapach\u00f3w.<\/p>\n<p>Cytrusy nadaj\u0105 zapachom <strong>\u015bwie\u017co\u015bci<\/strong>\u00a0i pozwalaj\u0105 poczu\u0107 rado\u015b\u0107 i optymizm. W tych nutach zapachowych znajdziemy najcz\u0119\u015bciej <strong>pomelo<\/strong>, <strong>bergamotk\u0119<\/strong>, <strong>pomara\u0144cz<\/strong>, mandarynk\u0119, cytryn\u0119 czy limonk\u0119.<\/p>\n<h3><strong>Dolce &amp; Gabbana Dolce<\/strong><\/h3>\n<p>Niezwykle \u0142agodny, <strong>kwiatowy<\/strong> zapach, kt\u00f3ry na samym pocz\u0105tku wita nas <strong>lili\u0105 wodn\u0105<\/strong> w towarzystwie <strong>pi\u017cma<\/strong> i <strong>neroli<\/strong>, aby przej\u015b\u0107 w <strong>kwiat papai<\/strong> i drzewo kaszmirowe. Ca\u0142o\u015b\u0107 to \u015bwie\u017ca i radosna kompozycja, idealna na wiosn\u0119!<\/p>\n<p><strong>Nuty zapachowe:<\/strong> neroli, kwiat papai, bia\u0142y amarylis, narcyz, lilia wodna, pi\u017cmo, kaszmir<\/p>\n<div id=\"attachment_1893\" style=\"width: 393px\" class=\"wp-caption aligncenter\"><a href=\"https:\/\/neness.pl\/perfumy_damskie\/dolce_gabbana\/143_d_g_dolce.html\" target=\"_blank\" rel=\"noopener noreferrer\"><img loading=\"lazy\" decoding=\"async\" aria-describedby=\"caption-attachment-1893\" class=\"wp-image-1893\" src=\"http:\/\/ranking-kosmetykow.pl\/wp-content\/uploads\/2017\/04\/0b690354a2dec754c2291bd9962dc895.jpg\" alt=\"\" width=\"383\" height=\"511\" srcset=\"https:\/\/neness.pl\/blog\/wp-content\/uploads\/2017\/04\/0b690354a2dec754c2291bd9962dc895.jpg 750w, https:\/\/neness.pl\/blog\/wp-content\/uploads\/2017\/04\/0b690354a2dec754c2291bd9962dc895-225x300.jpg 225w, https:\/\/neness.pl\/blog\/wp-content\/uploads\/2017\/04\/0b690354a2dec754c2291bd9962dc895-610x813.jpg 610w\" sizes=\"auto, (max-width: 383px) 100vw, 383px\" \/><\/a><p id=\"caption-attachment-1893\" class=\"wp-caption-text\">Perfumetka inspirowana D&amp;G Dolce \/ 12,00 z\u0142<\/p><\/div>\n<h3><strong>Miss Dior<\/strong><\/h3>\n<p>Miss Dior raczy nas szlachetnym<strong> r\u00f3\u017canym duetem<\/strong>: r\u00f3\u017cy bu\u0142garskiej i tureckiej. G\u0142\u0119bia zapachu to <strong>indonezyjska paczula.<\/strong> Miss Dior pobudza zmys\u0142y, smaki i uczucia, powo\u0142uj\u0105c do \u017cycia nowe obrazy, kt\u00f3re wyzwalaj\u0105 w nas wszystkie ukryte cechy osobowo\u015bci i najg\u0142\u0119bsze pragnienia.<\/p>\n<p>Nuta zapachu: zielona mandarynka, li\u015bcie truskawki, fio\u0142ek, r\u00f3\u017cowy ja\u015bmin, sorbet truskawkowy, skarmelizowany popcorn, le\u015bne jagody, karmel, paczula, pi\u017cmo<\/p>\n<div id=\"attachment_1894\" style=\"width: 394px\" class=\"wp-caption aligncenter\"><a href=\"https:\/\/neness.pl\/perfumy_damskie\/dior\/100_miss_dior_cherie.html\" target=\"_blank\" rel=\"noopener noreferrer\"><img loading=\"lazy\" decoding=\"async\" aria-describedby=\"caption-attachment-1894\" class=\"wp-image-1894\" src=\"http:\/\/ranking-kosmetykow.pl\/wp-content\/uploads\/2017\/04\/1ebc83b30687db142d4eb3b6f37bfc18.jpg\" alt=\"\" width=\"384\" height=\"512\" srcset=\"https:\/\/neness.pl\/blog\/wp-content\/uploads\/2017\/04\/1ebc83b30687db142d4eb3b6f37bfc18.jpg 750w, https:\/\/neness.pl\/blog\/wp-content\/uploads\/2017\/04\/1ebc83b30687db142d4eb3b6f37bfc18-225x300.jpg 225w, https:\/\/neness.pl\/blog\/wp-content\/uploads\/2017\/04\/1ebc83b30687db142d4eb3b6f37bfc18-610x813.jpg 610w\" sizes=\"auto, (max-width: 384px) 100vw, 384px\" \/><\/a><p id=\"caption-attachment-1894\" class=\"wp-caption-text\">Perfumetka inspirowana Miss Dior Cherie \/ 12,00 z\u0142<\/p><\/div>\n<h3><strong>Calvin Klein Down Town<\/strong><\/h3>\n<p>Je\u017celi lubisz <strong>s\u0142odkie zapachy<\/strong>, Calvin Klein Down Town z kategorii kwiatowo &#8211; drzewnej, b\u0119dzie doskona\u0142ym wyborem. Kompozycja od pierwszego u\u017cycia wci\u0105ga nas nutami<strong> w\u0142oskiej cytryny<\/strong>, <strong>bergamotki<\/strong>, tunezyjskiej neroli i <strong>zielonej gruszki.<\/strong> W nucie serca wci\u0105gn\u0105 nas <strong>p\u0142atki gardenii<\/strong>, kt\u00f3re po\u0142\u0105czy\u0142y si\u0119 z r\u00f3\u017cowym pieprzem i li\u015b\u0107mi fio\u0142ka.<\/p>\n<p>Nuty zapachowe: w\u0142oska cytryna, tunezyjska neroli, zielona gruszka, \u015bliwka, p\u0142atki gardenii, r\u00f3\u017cowy pieprz, li\u015bcie fio\u0142ka, teksa\u0144ski cedr, kadzid\u0142o, wetyweria, pi\u017cmo<\/p>\n<div id=\"attachment_1896\" style=\"width: 382px\" class=\"wp-caption aligncenter\"><a href=\"https:\/\/neness.pl\/perfumy_damskie\/calvin_klein\/151_ck_downtown.html\"><img loading=\"lazy\" decoding=\"async\" aria-describedby=\"caption-attachment-1896\" class=\"wp-image-1896\" src=\"http:\/\/ranking-kosmetykow.pl\/wp-content\/uploads\/2017\/04\/8c04a812bdc9f75dfa8258d678eb618f.jpg\" alt=\"\" width=\"372\" height=\"496\" srcset=\"https:\/\/neness.pl\/blog\/wp-content\/uploads\/2017\/04\/8c04a812bdc9f75dfa8258d678eb618f.jpg 750w, https:\/\/neness.pl\/blog\/wp-content\/uploads\/2017\/04\/8c04a812bdc9f75dfa8258d678eb618f-225x300.jpg 225w, https:\/\/neness.pl\/blog\/wp-content\/uploads\/2017\/04\/8c04a812bdc9f75dfa8258d678eb618f-610x813.jpg 610w\" sizes=\"auto, (max-width: 372px) 100vw, 372px\" \/><\/a><p id=\"caption-attachment-1896\" class=\"wp-caption-text\">Perfumetka inspirowana CK DownTown \/ 12,00 z\u0142<\/p><\/div>\n<h3><\/h3>\n<h3><strong>Mercedes Benz L&#8217;eau<\/strong><\/h3>\n<p><a href=\"https:\/\/neness.pl\/perfumy_damskie\/mercedes-benz.html\">Perfumy Mercedes Benz<\/a> wyra\u017caj\u0105 <strong>kobieco\u015b\u0107<\/strong>, styl, smak i <strong>klas\u0119<\/strong>. Styl i nonszalancja, w po\u0142\u0105czeniu z elegancj\u0105 i wdzi\u0119kiem, tworz\u0105 mieszank\u0119 wybuchow\u0105, pe\u0142n\u0105 <strong>pasji<\/strong> i <strong>finezji<\/strong>. Kompozycja otwiera si\u0119 przed nami radosnym <strong>akcentem bergamotki<\/strong>, a tu\u017c za ni\u0105 znajduje si\u0119 <strong>brzoskwinia<\/strong> i<strong> czarna porzeczka<\/strong>, po czym nast\u0119puje rozkwit bukietu mimozy, <strong>fio\u0142ka<\/strong> i <strong>konwalii<\/strong>. Kwiatowe aromaty poprzedzaj\u0105 drzewne akordy cedru, z\u0142agodzone woni\u0105 bia\u0142ego pi\u017cma.<\/p>\n<p>Nuty zapachowe: bergamotka, brzoskwinia, czarna porzeczka, mimoza, fio\u0142ek, konwalia, cedr, bia\u0142e pi\u017cmo<\/p>\n<div id=\"attachment_1897\" style=\"width: 370px\" class=\"wp-caption aligncenter\"><a href=\"https:\/\/neness.pl\/perfumy_damskie\/mercedes-benz\/158_mercedes-benz_l_eau.html\" target=\"_blank\" rel=\"noopener noreferrer\"><img loading=\"lazy\" decoding=\"async\" aria-describedby=\"caption-attachment-1897\" class=\"wp-image-1897\" src=\"http:\/\/ranking-kosmetykow.pl\/wp-content\/uploads\/2017\/04\/b373afa00ddf653c4c6118295951ac76.jpg\" alt=\"\" width=\"360\" height=\"480\" srcset=\"https:\/\/neness.pl\/blog\/wp-content\/uploads\/2017\/04\/b373afa00ddf653c4c6118295951ac76.jpg 750w, https:\/\/neness.pl\/blog\/wp-content\/uploads\/2017\/04\/b373afa00ddf653c4c6118295951ac76-225x300.jpg 225w, https:\/\/neness.pl\/blog\/wp-content\/uploads\/2017\/04\/b373afa00ddf653c4c6118295951ac76-610x813.jpg 610w\" sizes=\"auto, (max-width: 360px) 100vw, 360px\" \/><\/a><p id=\"caption-attachment-1897\" class=\"wp-caption-text\">Perfumetka inspirowana Mercedes-Benz L&#8217;eau \/ 12,00 z\u0142<\/p><\/div>\n","protected":false},"excerpt":{"rendered":"<p>Wiosn\u0105 przyroda budzi si\u0119 do \u017cycia i my wi\u0119c chcemy pachnie\u0107 inaczej ni\u017c zim\u0105. Decydujemy si\u0119 wi\u0119c na zapachy, kt\u00f3re s\u0105 lekkie, orze\u017awiaj\u0105ce, bardziej pasuj\u0105 do wiosennej, s\u0142onecznej aury i podkre\u015blaj\u0105 wiosenn\u0105 rado\u015b\u0107. Wiosenne perfumy to przede wszystkim bukiet kwiat\u00f3w, dlatego to w\u0142a\u015bnie kwiatowe zapachy wybieramy wtedy najcz\u0119\u015bciej. Pi\u017cma, ci\u0119\u017ckie, zimowe zapachy chowamy g\u0142\u0119boko do [&hellip;]<\/p>\n","protected":false},"author":2,"featured_media":1898,"comment_status":"open","ping_status":"open","sticky":false,"template":"","format":"standard","meta":{"_et_pb_use_builder":"","_et_pb_old_content":"","_et_gb_content_width":"","footnotes":""},"categories":[19],"tags":[],"class_list":["post-1888","post","type-post","status-publish","format-standard","has-post-thumbnail","hentry","category-zachwycaj-zapachem","et-has-post-format-content","et_post_format-et-post-format-standard"],"_links":{"self":[{"href":"https:\/\/neness.pl\/blog\/wp-json\/wp\/v2\/posts\/1888","targetHints":{"allow":["GET"]}}],"collection":[{"href":"https:\/\/neness.pl\/blog\/wp-json\/wp\/v2\/posts"}],"about":[{"href":"https:\/\/neness.pl\/blog\/wp-json\/wp\/v2\/types\/post"}],"author":[{"embeddable":true,"href":"https:\/\/neness.pl\/blog\/wp-json\/wp\/v2\/users\/2"}],"replies":[{"embeddable":true,"href":"https:\/\/neness.pl\/blog\/wp-json\/wp\/v2\/comments?post=1888"}],"version-history":[{"count":0,"href":"https:\/\/neness.pl\/blog\/wp-json\/wp\/v2\/posts\/1888\/revisions"}],"wp:featuredmedia":[{"embeddable":true,"href":"https:\/\/neness.pl\/blog\/wp-json\/wp\/v2\/media\/1898"}],"wp:attachment":[{"href":"https:\/\/neness.pl\/blog\/wp-json\/wp\/v2\/media?parent=1888"}],"wp:term":[{"taxonomy":"category","embeddable":true,"href":"https:\/\/neness.pl\/blog\/wp-json\/wp\/v2\/categories?post=1888"},{"taxonomy":"post_tag","embeddable":true,"href":"https:\/\/neness.pl\/blog\/wp-json\/wp\/v2\/tags?post=1888"}],"curies":[{"name":"wp","href":"https:\/\/api.w.org\/{rel}","templated":true}]}}