{"id":1857,"date":"2017-04-10T13:26:42","date_gmt":"2017-04-10T11:26:42","guid":{"rendered":"http:\/\/ranking-kosmetykow.pl\/?p=1857"},"modified":"2017-04-10T13:26:42","modified_gmt":"2017-04-10T11:26:42","slug":"jak-objawia-sie-alergia-na-kosmetyki","status":"publish","type":"post","link":"https:\/\/neness.pl\/blog\/jak-objawia-sie-alergia-na-kosmetyki\/","title":{"rendered":"Jak objawia si\u0119 alergia na kosmetyki?"},"content":{"rendered":"<section class=\"grid-item-wide article secondary-font\">Wbrew pozorom, reakcje alergiczne na kosmetyki, pojawiaj\u0105 si\u0119 w ostatnich latach coraz cz\u0119\u015bciej. Dotychczas s\u0142yszeli\u015bmy o alergii na <strong>bi\u017cuteri\u0119<\/strong>, <strong>py\u0142ki drzew<\/strong> czy te\u017c mieli\u015bmy styczno\u015b\u0107 z <strong>alergi\u0105 pokarmow\u0105<\/strong>, jednak od kilkunastu lat, reakcje uczuleniowe na <strong>kosmetyki<\/strong> wyst\u0119puj\u0105 coraz cz\u0119\u015bciej. Plag\u0105 mo\u017cna nazwa\u0107 ju\u017c alergi\u0119 na <strong>perfumy<\/strong>, a substancji uczulaj\u0105cych nie brakuje przecie\u017c w farbach do w\u0142os\u00f3w czy wodach toaletowych.\u00a0<\/section>\n<p>&nbsp;<\/p>\n<h3>Alergia na kosmetyki. Jakie s\u0105 jej przyczyny?<\/h3>\n<p class=\"grid-item-wide article secondary-font\">Kosmetyki w swoim sk\u0142adzie zawieraj\u0105 wiele r\u00f3\u017cnorodnych <strong>substancji chemicznych.<\/strong> Mimo \u017ce\u00a0balsam, krem do r\u0105k, pachn\u0105 \u015bwietnie\u00a0i maj\u0105 odpowiedni\u0105 <strong>konsystencj\u0119<\/strong>, nie jest powiedziane, \u017ce nie zawieraj\u0105 substancji, kt\u00f3re mog\u0105 Ci\u0119 uczuli\u0107. Co ciekawe, w przypadku perfum substancji uczulaj\u0105cych mo\u017ce by\u0107 nawet <strong>ponad 100.<\/strong><\/p>\n<p class=\"grid-item-wide article secondary-font\">Uczulenie mo\u017ce by\u0107 wywo\u0142ane przez <strong>konserwanty<\/strong>, <strong>formalin\u0119<\/strong> czy <strong>parabeny<\/strong>. Formalin\u0119 znajdziemy w \u015brodkach <strong>chemicznych<\/strong>, ale te\u017c w preparatach zapobiegaj\u0105cych np. poceniu si\u0119, a parabeny znajdziemy w niemal wszystkich <strong>kremach do twarzy<\/strong>, podk\u0142adach, <strong>maseczkach<\/strong> i <strong>szamponach<\/strong>.<\/p>\n<p class=\"grid-item-wide article secondary-font\">Alergia na dany produkt objawi si\u0119 bardzo szybko. Dzi\u0119ki temu ju\u017c po pierwszym u\u017cyciu poznasz,\u00a0\u017ce dany kosmetyk Ci\u0119 uczula i b\u0119dziesz mog\u0142a odpowiednio szybko zareagowa\u0107. Wyrobami, kt\u00f3re najcz\u0119\u015bciej wywo\u0142uj\u0105 <strong>wyprysk kontaktowy<\/strong>, s\u0105 <strong>myd\u0142a<\/strong>, <strong>dezodoranty<\/strong>, <strong>p\u0142yny<\/strong> do k\u0105pieli, zw\u0142aszcza te z aktywnymi <strong>detergentami<\/strong>.<\/p>\n<p>&nbsp;<\/p>\n<h3>Objawy alergii<\/h3>\n<p>Wsp\u00f3\u0142cze\u015bnie uczulaj\u0105ce sk\u0142adniki, powoduj\u0105 przede wszystkim<strong> wyprysk kontaktowy<\/strong>, rumie\u0144, <strong>pieczenie<\/strong>, uczucie <strong>sucho\u015bci<\/strong>, <strong>sw\u0119dzenie<\/strong> sk\u00f3ry i jej zaczerwienienie. Rzadko, ale jednak mo\u017ce si\u0119 zdarzy\u0107, \u017ce dojdzie do gro\u017anego dla \u017cycia wstrz\u0105su anafilaktycznego.<\/p>\n<p>Co istotne, dzisiejsze reakcje na substancje uczulaj\u0105ce s\u0105 o wiele <strong>\u0142agodniejsze<\/strong> ni\u017c jeszcze kilkadziesi\u0105t lat temu, poniewa\u017c laboratoria wci\u0105\u017c ulepszaj\u0105 <strong>receptur\u0119<\/strong> \u015brodk\u00f3w kosmetycznych, aby wyeliminowa\u0107 silnie uczulaj\u0105ce substancje.<\/p>\n<p>Wi\u0119kszo\u015b\u0107 wymienionych reakcji wyst\u0119puje u kobiet <strong>starszych<\/strong>, jednak nie omijaj\u0105 one te\u017c m\u0142odych os\u00f3b, takich kt\u00f3re <strong>nadu\u017cywaj\u0105<\/strong> kosmetyk\u00f3w. Najcz\u0119\u015bciej reakcje alergiczne wyst\u0119puj\u0105 na <strong>sk\u00f3rze twarzy<\/strong> i w okolicach <strong>oczodo\u0142\u00f3w<\/strong>.<\/p>\n<p>Je\u017celi widzisz, \u017ce dany kosmetyk Ci\u0119 uczula, powinna\u015b <strong>odstawi\u0107<\/strong> dany kosmetyk. Po dw\u00f3ch tygodniach, objawy powinny ust\u0105pi\u0107, a Ty nie mo\u017cesz zapomnie\u0107 o wizycie u <strong>alergologa<\/strong>, aby dok\u0142adnie m\u00f3c okre\u015bli\u0107 substancje, jakie Ci\u0119 uczulaj\u0105.<br \/>\n&nbsp;<\/p>\n<section class=\"grid-item-wide article secondary-font\">\n<h3>Alergia. Co j\u0105 wywo\u0142uje?<\/h3>\n<p>Najbardziej nara\u017cone na alergi\u0119 s\u0105 miejsca <strong>nieos\u0142oni\u0119te<\/strong>, a wi\u0119c twarz, szyja i powieki, a najbardziej na ni\u0105 odporna jest<strong> sk\u00f3ra g\u0142owy.<\/strong> Alergi\u0119 na nasz\u0105 sk\u00f3r\u0119 sprowadzaj\u0105 kosmetyki, kt\u00f3re na ni\u0105 <strong>aplikujemy<\/strong> i kt\u00f3re, naturalnie, zostaj\u0105 tam na d\u0142u\u017cej. Mowa tu wi\u0119c o <strong>perfumach<\/strong>, <strong>kremach<\/strong>, balsamach, ale silnie alergizuj\u0105 r\u00f3wnie\u017c tak cz\u0119sto u\u017cywane <strong>farby do w\u0142os\u00f3w<\/strong> i \u015brodki do ondulacji. Do mniej alergizuj\u0105cych nale\u017c\u0105 szampony, od\u017cywki i peelingi.<\/p>\n<p>Najcz\u0119\u015bciej, objawy alergiczne wywo\u0142uj\u0105 substancje konserwuj\u0105ce, dlatego tak wa\u017cne jest sprawdzenie sk\u0142adu danego kosmetyku, zanim go kupimy.<br \/>\n&nbsp;<br \/>\nDo <strong>najpopularniejszych<\/strong> <strong>substancji<\/strong> nale\u017c\u0105:<\/p>\n<ul>\n<li>substancje zapachowe<\/li>\n<li>Methyldibromoglutaronitrile<\/li>\n<li>Imidazolidinyl Urea<\/li>\n<li>Diazolidinyl Urea<\/li>\n<li>Cetylpyridinium Chloride<\/li>\n<li>Chlorhexidine<\/li>\n<li>lanolina i parabeny: Methylparaben, Ethylparaben, Propylparaben, Butylparaben<\/li>\n<\/ul>\n<p>Warto wspomnie\u0107 r\u00f3wnie\u017c o formaldehydzie. Formaldehyd najcz\u0119\u015bciej wyst\u0119puje pod nazwami Benzylhemiformal, Bronidox, Diazolidinyl Urea , Imidazolidinyl Urea, Quanternium-15 w lakierach do paznokci, w\u0142os\u00f3w, samoopalaczach.<\/p>\n<\/section>\n<p>&nbsp;<\/p>\n","protected":false},"excerpt":{"rendered":"<p>Wbrew pozorom, reakcje alergiczne na kosmetyki, pojawiaj\u0105 si\u0119 w ostatnich latach coraz cz\u0119\u015bciej. Dotychczas s\u0142yszeli\u015bmy o alergii na bi\u017cuteri\u0119, py\u0142ki drzew czy te\u017c mieli\u015bmy styczno\u015b\u0107 z alergi\u0105 pokarmow\u0105, jednak od kilkunastu lat, reakcje uczuleniowe na kosmetyki wyst\u0119puj\u0105 coraz cz\u0119\u015bciej. Plag\u0105 mo\u017cna nazwa\u0107 ju\u017c alergi\u0119 na perfumy, a substancji uczulaj\u0105cych nie brakuje przecie\u017c w farbach do [&hellip;]<\/p>\n","protected":false},"author":2,"featured_media":1865,"comment_status":"open","ping_status":"open","sticky":false,"template":"","format":"standard","meta":{"_et_pb_use_builder":"","_et_pb_old_content":"","_et_gb_content_width":"","footnotes":""},"categories":[185],"tags":[],"class_list":["post-1857","post","type-post","status-publish","format-standard","has-post-thumbnail","hentry","category-codzienna-pielegnacja","et-has-post-format-content","et_post_format-et-post-format-standard"],"_links":{"self":[{"href":"https:\/\/neness.pl\/blog\/wp-json\/wp\/v2\/posts\/1857","targetHints":{"allow":["GET"]}}],"collection":[{"href":"https:\/\/neness.pl\/blog\/wp-json\/wp\/v2\/posts"}],"about":[{"href":"https:\/\/neness.pl\/blog\/wp-json\/wp\/v2\/types\/post"}],"author":[{"embeddable":true,"href":"https:\/\/neness.pl\/blog\/wp-json\/wp\/v2\/users\/2"}],"replies":[{"embeddable":true,"href":"https:\/\/neness.pl\/blog\/wp-json\/wp\/v2\/comments?post=1857"}],"version-history":[{"count":0,"href":"https:\/\/neness.pl\/blog\/wp-json\/wp\/v2\/posts\/1857\/revisions"}],"wp:featuredmedia":[{"embeddable":true,"href":"https:\/\/neness.pl\/blog\/wp-json\/wp\/v2\/media\/1865"}],"wp:attachment":[{"href":"https:\/\/neness.pl\/blog\/wp-json\/wp\/v2\/media?parent=1857"}],"wp:term":[{"taxonomy":"category","embeddable":true,"href":"https:\/\/neness.pl\/blog\/wp-json\/wp\/v2\/categories?post=1857"},{"taxonomy":"post_tag","embeddable":true,"href":"https:\/\/neness.pl\/blog\/wp-json\/wp\/v2\/tags?post=1857"}],"curies":[{"name":"wp","href":"https:\/\/api.w.org\/{rel}","templated":true}]}}