{"id":1804,"date":"2017-03-31T12:16:47","date_gmt":"2017-03-31T10:16:47","guid":{"rendered":"http:\/\/ranking-kosmetykow.pl\/?p=1804"},"modified":"2017-03-31T12:16:47","modified_gmt":"2017-03-31T10:16:47","slug":"wlosy-suche-i-lamliwe-co-im-pomoze","status":"publish","type":"post","link":"https:\/\/neness.pl\/blog\/wlosy-suche-i-lamliwe-co-im-pomoze\/","title":{"rendered":"W\u0142osy suche i \u0142amliwe &#8211; co im pomo\u017ce?"},"content":{"rendered":"<p>Wszystkie w\u0142osomaniaczki wiedz\u0105, \u017ce intensywne zabiegi fryzjerskie mog\u0105 da\u0107 <strong>chwilowy efekt wow<\/strong>, ale w rzeczywisto\u015bci o wiele cz\u0119\u015bciej niszcz\u0105 w\u0142osy i sprawiaj\u0105, \u017ce potrzebna jest im porz\u0105dna dawka regeneracji. Dzi\u015b podpowiemy wi\u0119c, jak prawid\u0142owo zadba\u0107 o <strong>suche i \u0142amliwe w\u0142osy<\/strong>.<\/p>\n<p><!--more--><\/p>\n<p>&nbsp;<\/p>\n<p>Je\u015bli Twoje w\u0142osy s\u0105 suche i zniszczone, to prawdopodobnie Twoja sk\u00f3ra wydziela<strong> zbyt ma\u0142o \u0142oju<\/strong>, a niewykluczone te\u017c, \u017ce doda\u0142a\u015b im odrobin\u0119 niekorzystnych czynnik\u00f3w, kt\u00f3re dodatkowo negatywnie wp\u0142yn\u0119\u0142y na <strong>wygl\u0105d i struktur\u0119 w\u0142os\u00f3w<\/strong>. Jakie triki powinna\u015b zastosowa\u0107, by przywr\u00f3ci\u0107 im ich dawny, pi\u0119kny wygl\u0105d?<\/p>\n<p>&nbsp;<\/p>\n<h4>Unikaj suszenia suszark\u0105<\/h4>\n<p>Pewnie pomy\u015blisz, \u017ce to brzmi banalnie i wiele razy s\u0142ysza\u0142a\u015b ju\u017c o z\u0142ych skutkach przyspieszania procesu wysychania w\u0142os\u00f3w. Niestety, suszarka wydziela zwykle zbyt gor\u0105ce powietrze, co sprawia, \u017ce w\u0142osy trac\u0105 swoj\u0105 naturaln\u0105 zawarto\u015b\u0107 wody. Podobnie dzia\u0142aj\u0105 zreszt\u0105 <strong>lok\u00f3wki czy prostownice.<\/strong><\/p>\n<p>&nbsp;<\/p>\n<h4>Wa\u017cna temperatura wody<\/h4>\n<p>Temperatura wody, kt\u00f3r\u0105 myjemy w\u0142osy, jest bardzo wa\u017cna &#8211; gdy b\u0119dzie za gor\u0105ca, w\u0142osy utrac\u0105 swoje <strong>naturalne substancje<\/strong>, co dodatkowo je zmatowi. Kiedy z kolei postanowimy p\u0142uka\u0107 je ch\u0142odn\u0105 wod\u0105, <strong>u\u0142atwimy \u0142uskom zamkni\u0119cie si\u0119<\/strong>.<\/p>\n<p>&nbsp;<\/p>\n<div id=\"attachment_1806\" style=\"width: 698px\" class=\"wp-caption aligncenter\"><img loading=\"lazy\" decoding=\"async\" aria-describedby=\"caption-attachment-1806\" class=\"wp-image-1806 \" src=\"http:\/\/ranking-kosmetykow.pl\/wp-content\/uploads\/2017\/03\/suche-w\u0142osy-2-1024x683.jpg\" alt=\"\" width=\"688\" height=\"459\" \/><p id=\"caption-attachment-1806\" class=\"wp-caption-text\">kei907, fotolia.com, #124584741<\/p><\/div>\n<h4><span style=\"color: #ffffff;\">a<\/span><\/h4>\n<h4>Pami\u0119taj o regularnym podcinaniu w\u0142os\u00f3w<\/h4>\n<p>Zapuszczasz w\u0142osy i chcesz by by\u0142y jak najd\u0142u\u017csze, tak, aby budzi\u0142y zachwyt i podziw? Wymaga to cierpliwo\u015bci i konsekwencji w dzia\u0142aniu. Czasami trzeba jednak od\u0142o\u017cy\u0107 na bok sentymenty i przyzna\u0107, \u017ce d\u0142ugie w\u0142osy, kt\u00f3re s\u0105 zaniedbane, <strong>wcale nie wygl\u0105daj\u0105 \u0142adnie<\/strong>. Warto wi\u0119c co kilka tygodni podci\u0105\u0107 ko\u0144c\u00f3wki, tak, aby rozdwojone i zniszczone fragmenty w\u0142os\u00f3w nie psu\u0142y og\u00f3lnego wizerunku. Dzi\u0119ki temu fryzura b\u0119dzie prezentowa\u0142a si\u0119 znacznie lepiej.<\/p>\n<p>&nbsp;<\/p>\n<h4>Dobierz odpowiednie kosmetyki<\/h4>\n<p>Pami\u0119taj, \u017ce przy wyborze kosmetyk\u00f3w trzeba zwr\u00f3ci\u0107 uwag\u0119 na ich sk\u0142ad. \u0141adna buteleczka czy przekonuj\u0105ca reklama nie \u015bwiadcz\u0105 jeszcze o dobrej jako\u015bci produktu. Najwa\u017cniejsze, aby kosmetyk nie mia\u0142 w sk\u0142adzie alkoholu, poniewa\u017c ma on <strong>silne dzia\u0142anie wysuszaj\u0105ce<\/strong>. Wypr\u00f3buj kosmetyki, kt\u00f3re zawieraj\u0105 <strong>witaminy i minera\u0142y<\/strong>. My polecamy m.in. mask\u0119\u00a0<a href=\"https:\/\/neness.pl\/kosmetyki\/wlosy\/odzywki\/kallos_maska_do_wlosow_aloe_1000ml.html\"><strong>Kallos Aloe<\/strong><\/a>. Jest ona przeznaczona g\u0142\u00f3wnie do przesuszonych i sk\u0142onnych do \u0142amania w\u0142os\u00f3w.<\/p>\n<p>&nbsp;<\/p>\n<div id=\"attachment_1807\" style=\"width: 324px\" class=\"wp-caption aligncenter\"><a href=\"https:\/\/neness.pl\/kosmetyki\/wlosy\/odzywki\/kallos_maska_do_wlosow_aloe_1000ml.html\" target=\"_blank\" rel=\"noopener\"><img loading=\"lazy\" decoding=\"async\" aria-describedby=\"caption-attachment-1807\" class=\"wp-image-1807 \" src=\"http:\/\/ranking-kosmetykow.pl\/wp-content\/uploads\/2017\/03\/aloe-e1490954857998.jpg\" alt=\"\" width=\"314\" height=\"430\" srcset=\"https:\/\/neness.pl\/blog\/wp-content\/uploads\/2017\/03\/aloe-e1490954857998.jpg 425w, https:\/\/neness.pl\/blog\/wp-content\/uploads\/2017\/03\/aloe-e1490954857998-219x300.jpg 219w\" sizes=\"auto, (max-width: 314px) 100vw, 314px\" \/><\/a><p id=\"caption-attachment-1807\" class=\"wp-caption-text\">Kallos Maska Do W\u0142os\u00f3w Aloe 1000 12,50 z\u0142ml \/<\/p><\/div>\n<h4><span style=\"color: #ffffff;\">\u00a0a<\/span><\/h4>\n<h4>Pij du\u017co wody!<\/h4>\n<p>Mog\u0142oby si\u0119 wydawa\u0107, \u017ce nie ma to bezpo\u015bredniego wp\u0142ywu na <strong>stan naszych w\u0142os\u00f3w<\/strong>. Tymczasem kiedy nasz organizm jest odwodniony, traci tak\u017ce nasza fryzura. Powinni\u015bmy wi\u0119c wypija\u0107 dziennie przynajmniej 1,5 litra p\u0142yn\u00f3w. Zyskaj\u0105 na tym i w\u0142osy, zapewniamy.<\/p>\n<p>&nbsp;<\/p>\n<p>Wszystkie osoby, kt\u00f3re chc\u0105 zadba\u0107 o stan swoich w\u0142os\u00f3w, szukaj\u0105 odpowiednich kosmetyk\u00f3w i nie jest im oboj\u0119tna <strong>jako\u015b\u0107 kupowanych produkt\u00f3w<\/strong>, zapraszamy serdecznie do odwiedzenia naszego sklepu\u00a0<a href=\"https:\/\/neness.pl\/\">neness.pl<\/a>. Jeste\u015bmy pewni, \u017ce ka\u017cdy znajdzie w nim co\u015b odpowiedniego dla siebie!<\/p>\n","protected":false},"excerpt":{"rendered":"<p>Wszystkie w\u0142osomaniaczki wiedz\u0105, \u017ce intensywne zabiegi fryzjerskie mog\u0105 da\u0107 chwilowy efekt wow, ale w rzeczywisto\u015bci o wiele cz\u0119\u015bciej niszcz\u0105 w\u0142osy i sprawiaj\u0105, \u017ce potrzebna jest im porz\u0105dna dawka regeneracji. Dzi\u015b podpowiemy wi\u0119c, jak prawid\u0142owo zadba\u0107 o suche i \u0142amliwe w\u0142osy.<\/p>\n","protected":false},"author":2,"featured_media":1805,"comment_status":"open","ping_status":"open","sticky":false,"template":"","format":"standard","meta":{"_et_pb_use_builder":"","_et_pb_old_content":"","_et_gb_content_width":"","footnotes":""},"categories":[48],"tags":[],"class_list":["post-1804","post","type-post","status-publish","format-standard","has-post-thumbnail","hentry","category-wlosy-idealne","et-has-post-format-content","et_post_format-et-post-format-standard"],"_links":{"self":[{"href":"https:\/\/neness.pl\/blog\/wp-json\/wp\/v2\/posts\/1804","targetHints":{"allow":["GET"]}}],"collection":[{"href":"https:\/\/neness.pl\/blog\/wp-json\/wp\/v2\/posts"}],"about":[{"href":"https:\/\/neness.pl\/blog\/wp-json\/wp\/v2\/types\/post"}],"author":[{"embeddable":true,"href":"https:\/\/neness.pl\/blog\/wp-json\/wp\/v2\/users\/2"}],"replies":[{"embeddable":true,"href":"https:\/\/neness.pl\/blog\/wp-json\/wp\/v2\/comments?post=1804"}],"version-history":[{"count":0,"href":"https:\/\/neness.pl\/blog\/wp-json\/wp\/v2\/posts\/1804\/revisions"}],"wp:featuredmedia":[{"embeddable":true,"href":"https:\/\/neness.pl\/blog\/wp-json\/wp\/v2\/media\/1805"}],"wp:attachment":[{"href":"https:\/\/neness.pl\/blog\/wp-json\/wp\/v2\/media?parent=1804"}],"wp:term":[{"taxonomy":"category","embeddable":true,"href":"https:\/\/neness.pl\/blog\/wp-json\/wp\/v2\/categories?post=1804"},{"taxonomy":"post_tag","embeddable":true,"href":"https:\/\/neness.pl\/blog\/wp-json\/wp\/v2\/tags?post=1804"}],"curies":[{"name":"wp","href":"https:\/\/api.w.org\/{rel}","templated":true}]}}