{"id":1791,"date":"2017-04-04T14:07:44","date_gmt":"2017-04-04T12:07:44","guid":{"rendered":"http:\/\/ranking-kosmetykow.pl\/?p=1791"},"modified":"2017-04-04T14:07:44","modified_gmt":"2017-04-04T12:07:44","slug":"dbamy-o-farbowane-wlosy","status":"publish","type":"post","link":"https:\/\/neness.pl\/blog\/dbamy-o-farbowane-wlosy\/","title":{"rendered":"Dbamy o farbowane w\u0142osy"},"content":{"rendered":"<p>Je\u017celi od d\u0142u\u017cszego czasu farbujesz w\u0142osy wiesz, \u017ce aby jak najd\u0142u\u017cej zachowa\u0107 trwa\u0142y, pi\u0119kny i nasycony kolor, trzeba potocznie m\u00f3wi\u0105c, przy\u0142o\u017cy\u0107 si\u0119 do ich piel\u0119gnacji. W\u0142osy farbowane, kt\u00f3re poddawane s\u0105 koloryzacji, cz\u0119sto staj\u0105 si\u0119 \u0142amliwe, suche i os\u0142abione. Nic dziwnego, \u017ce potrzebuj\u0105 regularnej <strong>piel\u0119gnacji<\/strong>, bogatej w sk\u0142adniki <strong>nawil\u017caj\u0105ce<\/strong>, <strong>od\u017cywcze<\/strong> i <strong>regeneruj\u0105ce<\/strong>.<\/p>\n<p>Farbuj\u0105c w\u0142osy ingerujesz w ich struktur\u0119. Istniej\u0105 jednak sposoby na to, aby Twoje w\u0142osy jak najd\u0142u\u017cej zachwyca\u0142y kolorem. Wystarczy odrobina systematyczno\u015bci i odpowiednie kosmetyki.<\/p>\n<p>&nbsp;<\/p>\n<h3><strong>Mycie w\u0142os\u00f3w farbowanych<\/strong><\/h3>\n<p>Mycie w\u0142os\u00f3w po koloryzacji, z pozoru niczym nie r\u00f3\u017cni si\u0119 od mycia w\u0142os\u00f3w, kt\u00f3re nie by\u0142y farbowane. Musisz jednak zaopatrzy\u0107 si\u0119 w odpowiednie kosmetyki &#8211; <strong>szampony<\/strong>, <strong>od\u017cywki<\/strong>, <strong>maski<\/strong> &#8211; do w\u0142os\u00f3w farbowanych. Obowi\u0105zkowo, zastosuj po umyciu w\u0142os\u00f3w od\u017cywk\u0119 &#8211; idealnie gdyby by\u0142a z tej samej serii co szampon. Dzi\u0119ki od\u017cywce, Twoje w\u0142osy b\u0119d\u0105 lepiej <strong>nawil\u017cone<\/strong> i \u0142atwo si\u0119 rozczesz\u0105.<\/p>\n<p>Pami\u0119taj jednak, \u017ce cz\u0119stsze mycie mo\u017ce powodowa\u0107 <strong>blakni\u0119cie koloru<\/strong> i <strong>szybsze przesuszanie<\/strong>, dlatego stosowanie masek i od\u017cywek jest konieczne. Gdy myjesz w\u0142osy pami\u0119taj, aby u\u017cy\u0107 <strong>niewielkiej\u00a0ilo\u015bci szamponu<\/strong> i pieni\u0107 go ponad sk\u00f3r\u0105 g\u0142owy.<\/p>\n<div id=\"attachment_1795\" style=\"width: 247px\" class=\"wp-caption aligncenter\"><a href=\"https:\/\/neness.pl\/kosmetyki\/wlosy\/szampony\/kallos_lab_35_szampon_bezsiarczanowy_do_wlosow_farbowanych_500ml.html\" target=\"_blank\" rel=\"noopener\"><img loading=\"lazy\" decoding=\"async\" aria-describedby=\"caption-attachment-1795\" class=\"wp-image-1795 \" src=\"http:\/\/ranking-kosmetykow.pl\/wp-content\/uploads\/2017\/03\/cxv.jpg\" alt=\"\" width=\"237\" height=\"458\" srcset=\"https:\/\/neness.pl\/blog\/wp-content\/uploads\/2017\/03\/cxv.jpg 199w, https:\/\/neness.pl\/blog\/wp-content\/uploads\/2017\/03\/cxv-155x300.jpg 155w\" sizes=\"auto, (max-width: 237px) 100vw, 237px\" \/><\/a><p id=\"caption-attachment-1795\" class=\"wp-caption-text\">KALLOS &#8211; Szampon Bezsiarczanowy do W\u0142os\u00f3w Farbowanych \/ 16,50 z\u0142<\/p><\/div>\n<h3><strong>Suszy\u0107 czy nie?<\/strong><\/h3>\n<p>Je\u017celi tylko mo\u017cesz, ogranicz stosowanie suszarki. No, chyba \u017ce bardzo si\u0119 spieszysz, mo\u017cesz wtedy zrobi\u0107 wyj\u0105tek. \ud83d\ude42 Niestety, ciep\u0142o pochodz\u0105ce z urz\u0105dze\u0144 do stylizacji przyspiesza <strong>blakni\u0119cie koloru<\/strong>, uszkadzaj\u0105c struktur\u0119 w\u0142osa. Pozw\u00f3l w\u0142osom <strong>wyschn\u0105\u0107 samodzielnie<\/strong>, a odwdzi\u0119cz\u0105 si\u0119 pi\u0119knym wygl\u0105dem.<\/p>\n<p>&nbsp;<\/p>\n<h3><strong>Co jeszcze mo\u017cesz zrobi\u0107?<\/strong><\/h3>\n<p>Odpowiednie kosmetyki do w\u0142os\u00f3w to podstawa, jednak je\u017celi b\u0119dziesz pami\u0119ta\u0107 o drobnych, <strong>codziennych czynno\u015bciach<\/strong>, Twoje w\u0142osy z pewno\u015bci\u0105 b\u0119d\u0105 Ci wdzi\u0119czne. Mamy na my\u015bli mi\u0119dzy innymi ochron\u0119 przed <strong>promieniami s\u0142onecznymi<\/strong> (w ko\u0144cu zbli\u017ca si\u0119 lato). U\u017cywaj w tym czasie produkt\u00f3w do w\u0142os\u00f3w z <strong>filtrem<\/strong> przeciws\u0142onecznym, kt\u00f3ry jest obecny w wielu od\u017cywkach i produktach do stylizacji. Nie zapomnij o kapeluszu!<\/p>\n<p>&nbsp;<\/p>\n<h3><strong>Stosuj\u00a0od\u017cywki<\/strong><\/h3>\n<p>Gdy idziesz na basem, na\u0142\u00f3\u017c na wilgotne w\u0142osy <strong>od\u017cywk\u0119<\/strong>, a po wyj\u015bciu\u00a0z wody umyj w\u0142osy szamponem i ponownie zastosuj od\u017cywk\u0119. Gdy wybierasz od\u017cywk\u0119 zwr\u00f3\u0107 szczeg\u00f3ln\u0105 uwag\u0119 na to, aby mia\u0142a w swoim sk\u0142adzie <strong>proteiny<\/strong>.<\/p>\n<p>Dlaczego jest to takie wa\u017cne? W\u0142osy po\u00a0farbowaniu cierpi\u0105 na niedob\u00f3r bia\u0142ka. Od\u017cywka powinna dostarcza\u0107 im <strong>proteiny<\/strong> z pszenicy soi oraz keratyn\u0119, naturalne sk\u0142adniki nawil\u017caj\u0105ce. Dzi\u0119ki specjalistycznym kosmetykom, zapewnisz w\u0142osom trwa\u0142o\u015b\u0107, blask i intensywny kolor. Zapobiegniesz wyp\u0142ukiwaniu pigmentu, ochronisz w\u0142osy przed zmatowaniem i od\u017cywisz od \u015brodka.<\/p>\n<div id=\"attachment_1796\" style=\"width: 291px\" class=\"wp-caption aligncenter\"><a href=\"https:\/\/neness.pl\/kosmetyki\/wlosy\/odzywki\/kallos_maska_color_do_wlosow_farbowanych_1000ml.html\" target=\"_blank\" rel=\"noopener\"><img loading=\"lazy\" decoding=\"async\" aria-describedby=\"caption-attachment-1796\" class=\"wp-image-1796 \" src=\"http:\/\/ranking-kosmetykow.pl\/wp-content\/uploads\/2017\/03\/kallos-1.jpg\" alt=\"\" width=\"281\" height=\"368\" srcset=\"https:\/\/neness.pl\/blog\/wp-content\/uploads\/2017\/03\/kallos-1.jpg 466w, https:\/\/neness.pl\/blog\/wp-content\/uploads\/2017\/03\/kallos-1-229x300.jpg 229w\" sizes=\"auto, (max-width: 281px) 100vw, 281px\" \/><\/a><p id=\"caption-attachment-1796\" class=\"wp-caption-text\">Kallos &#8211; Maska Color Do W\u0142os\u00f3w Farbowanych \/ 12,50 z\u0142<\/p><\/div>\n","protected":false},"excerpt":{"rendered":"<p>Je\u017celi od d\u0142u\u017cszego czasu farbujesz w\u0142osy wiesz, \u017ce aby jak najd\u0142u\u017cej zachowa\u0107 trwa\u0142y, pi\u0119kny i nasycony kolor, trzeba potocznie m\u00f3wi\u0105c, przy\u0142o\u017cy\u0107 si\u0119 do ich piel\u0119gnacji. W\u0142osy farbowane, kt\u00f3re poddawane s\u0105 koloryzacji, cz\u0119sto staj\u0105 si\u0119 \u0142amliwe, suche i os\u0142abione. Nic dziwnego, \u017ce potrzebuj\u0105 regularnej piel\u0119gnacji, bogatej w sk\u0142adniki nawil\u017caj\u0105ce, od\u017cywcze i regeneruj\u0105ce. Farbuj\u0105c w\u0142osy ingerujesz w [&hellip;]<\/p>\n","protected":false},"author":2,"featured_media":1803,"comment_status":"open","ping_status":"open","sticky":false,"template":"","format":"standard","meta":{"_et_pb_use_builder":"","_et_pb_old_content":"","_et_gb_content_width":"","footnotes":""},"categories":[48],"tags":[],"class_list":["post-1791","post","type-post","status-publish","format-standard","has-post-thumbnail","hentry","category-wlosy-idealne","et-has-post-format-content","et_post_format-et-post-format-standard"],"_links":{"self":[{"href":"https:\/\/neness.pl\/blog\/wp-json\/wp\/v2\/posts\/1791","targetHints":{"allow":["GET"]}}],"collection":[{"href":"https:\/\/neness.pl\/blog\/wp-json\/wp\/v2\/posts"}],"about":[{"href":"https:\/\/neness.pl\/blog\/wp-json\/wp\/v2\/types\/post"}],"author":[{"embeddable":true,"href":"https:\/\/neness.pl\/blog\/wp-json\/wp\/v2\/users\/2"}],"replies":[{"embeddable":true,"href":"https:\/\/neness.pl\/blog\/wp-json\/wp\/v2\/comments?post=1791"}],"version-history":[{"count":0,"href":"https:\/\/neness.pl\/blog\/wp-json\/wp\/v2\/posts\/1791\/revisions"}],"wp:featuredmedia":[{"embeddable":true,"href":"https:\/\/neness.pl\/blog\/wp-json\/wp\/v2\/media\/1803"}],"wp:attachment":[{"href":"https:\/\/neness.pl\/blog\/wp-json\/wp\/v2\/media?parent=1791"}],"wp:term":[{"taxonomy":"category","embeddable":true,"href":"https:\/\/neness.pl\/blog\/wp-json\/wp\/v2\/categories?post=1791"},{"taxonomy":"post_tag","embeddable":true,"href":"https:\/\/neness.pl\/blog\/wp-json\/wp\/v2\/tags?post=1791"}],"curies":[{"name":"wp","href":"https:\/\/api.w.org\/{rel}","templated":true}]}}