{"id":1700,"date":"2017-03-14T10:49:00","date_gmt":"2017-03-14T09:49:00","guid":{"rendered":"http:\/\/ranking-kosmetykow.pl\/?p=1700"},"modified":"2017-03-14T10:49:00","modified_gmt":"2017-03-14T09:49:00","slug":"rozwiazujemy-problem-przetluszczajacych-sie-wlosow","status":"publish","type":"post","link":"https:\/\/neness.pl\/blog\/rozwiazujemy-problem-przetluszczajacych-sie-wlosow\/","title":{"rendered":"Rozwi\u0105zujemy problem przet\u0142uszczaj\u0105cych si\u0119 w\u0142os\u00f3w"},"content":{"rendered":"<p>Pi\u0119kne w\u0142osy to marzenie ka\u017cdej kobiety. Dbamy wi\u0119c o nie, u\u017cywamy mn\u00f3stwa od\u017cywek, kupujemy specjalne szampony, ale i tak zawsze znajdziemy co\u015b, do czego mo\u017cna si\u0119 doczepi\u0107. Nawet najpi\u0119kniejsze obci\u0119cie, <strong>idealny kolor<\/strong> i pasemka nie sprawi\u0105, \u017ce b\u0119dziemy dobrze wygl\u0105da\u0107, je\u015bli b\u0119dziemy mie\u0107 <strong>t\u0142uste w\u0142osy<\/strong>. Przewa\u017cnie wystarczy zwyczajnie je umy\u0107, aby zn\u00f3w wygl\u0105da\u0142y \u015bwie\u017co. Co jednak zrobi\u0107, gdy przet\u0142uszczaj\u0105ce si\u0119 w\u0142osy to powracaj\u0105cy problem i nawet codzienne mycie nie pomaga? Odpowiadamy!<\/p>\n<p><!--more--><\/p>\n<h4><span style=\"color: #ffffff;\">\u00a0a<\/span><\/h4>\n<h4><strong>Wybierz odpowiedni szampon<\/strong><\/h4>\n<p><span style=\"font-weight: 400;\">Pierwsza rzecz, o kt\u00f3rej musimy tu napisa\u0107, to przestroga &#8211; pami\u0119tajmy, by nie wybiera\u0107 szampon\u00f3w przeznaczonych do suchych w\u0142os\u00f3w. Druga wa\u017cna rzecz, o jakiej warto wspomnie\u0107, to unikanie intensywnie nawil\u017caj\u0105cych i <strong>wyg\u0142adzaj\u0105cych szampon\u00f3w<\/strong>. Maj\u0105 one do\u015b\u0107 ci\u0119\u017ck\u0105, <strong>bogat\u0105 formu\u0142\u0119<\/strong>, kt\u00f3ra niestety mocno obci\u0105\u017ca w\u0142osy. W drogeriach dost\u0119pnych jest mn\u00f3stwo produkt\u00f3w<\/span><span style=\"font-weight: 400;\">\u00a0dedykowanych przet\u0142uszczaj\u0105cym si\u0119 w\u0142osom. Z nimi niestety te\u017c trzeba uwa\u017ca\u0107 &#8211; niewykluczone, \u017ce za bardzo wysusz\u0105 one sk\u00f3r\u0119 g\u0142owy. W\u00f3wczas mo\u017ce si\u0119 okaza\u0107, \u017ce zacznie ona <\/span><b>samodzielnie<\/b><span style=\"font-weight: 400;\"> nadrabia\u0107 brak naturalnego sebum, a na skutek tego b\u0119dzie produkowa\u0107 go jeszcze wi\u0119cej. A tego przecie\u017c nie chcemy. Co powinni\u015bmy zatem wybra\u0107? Zwr\u00f3\u0107 uwag\u0119, aby szampon, kt\u00f3rym b\u0119dziesz <\/span><b>my\u0107 w\u0142osy<\/b><span style=\"font-weight: 400;\">, mia\u0142 prze\u017aroczyst\u0105 barw\u0119 i lej\u0105c\u0105 konsystencj\u0119. Na przet\u0142uszczaj\u0105ce si\u0119 w\u0142osy pomog\u0105 r\u00f3wnie\u017c specyfiki, kt\u00f3re maj\u0105 w sk\u0142adzie <\/span><b>zio\u0142owe<\/b><span style=\"font-weight: 400;\">\u00a0oraz\u00a0<\/span><b>cytrusowe wyci\u0105gi.<\/b><\/p>\n<p><span style=\"color: #ffffff;\">a<\/span><\/p>\n<h4><strong>Co z od\u017cywkami?<\/strong><\/h4>\n<p><span style=\"font-weight: 400;\">Utar\u0142o si\u0119 powszechne przekonanie, \u017ce je\u015bli zmagamy si\u0119 z problemem przet\u0142uszczaj\u0105cych si\u0119 w\u0142os\u00f3w, to nie powinny\u015bmy u\u017cywa\u0107 <a href=\"https:\/\/neness.pl\/kosmetyki\/wlosy\/odzywki.html\">od\u017cywek<\/a>. To n<\/span><span style=\"font-weight: 400;\">ieprawda. Mo\u017cemy bez obaw z nich korzysta\u0107, pod warunkiem, \u017ce wyb\u00f3r padnie na te, kt\u00f3re stosuje si\u0119 tylko od po\u0142owy d\u0142ugo\u015bci w\u0142os\u00f3w. Te, kt\u00f3rych u\u017cywa si\u0119 od <\/span><b>nasady,<\/b><span style=\"font-weight: 400;\"> rzeczywi\u015bcie mog\u0105 zanadto je obci\u0105\u017ca\u0107. Unikajmy te\u017c <\/span><b>od\u017cywek bez sp\u0142ukiwania.<\/b><span style=\"font-weight: 400;\"> Mog\u0105 r\u00f3wnie\u017c da\u0107 niepo\u017c\u0105dany efekt.<\/span><\/p>\n<p><span style=\"color: #ffffff;\">a<\/span><\/p>\n<div id=\"attachment_1702\" style=\"width: 745px\" class=\"wp-caption aligncenter\"><img loading=\"lazy\" decoding=\"async\" aria-describedby=\"caption-attachment-1702\" class=\"wp-image-1702 \" src=\"http:\/\/ranking-kosmetykow.pl\/wp-content\/uploads\/2017\/03\/t\u0142uste-w\u0142osy2-1024x683.jpg\" alt=\"\" width=\"735\" height=\"490\" \/><p id=\"caption-attachment-1702\" class=\"wp-caption-text\">nuzza11, fotolia.com, #134201685<\/p><\/div>\n<h4><span style=\"color: #ffffff;\">a<\/span><\/h4>\n<h4><strong>Z jakich akcesori\u00f3w korzysta\u0107?<\/strong><\/h4>\n<p><span style=\"font-weight: 400;\">Mo\u017ce wyda\u0107 si\u0119, \u017ce to, jakiego grzebienia czy szczotki do w\u0142os\u00f3w u\u017cywamy, nie ma najmniejszego znaczenia. Zwr\u00f3\u0107 uwag\u0119, by szczotki nie mia\u0142y<strong>\u00a0<\/strong><\/span><span style=\"font-weight: 400;\"><strong>twardego w\u0142osia<\/strong>. To mo\u017ce bowiem powodowa\u0107 podra\u017cnienia sk\u00f3ry g\u0142owy. A co z grzebieniami? Wybieraj\u0105c mi\u0119dzy grzebieniem plastikowym a metalowym, lepiej postawi\u0107 na ten <\/span><b>drugi typ<\/b><span style=\"font-weight: 400;\">. Dobrze b\u0119dzie te\u017c, gdy zrezygnujemy z u\u017cywania elektronicznych urz\u0105dze\u0144 do stylizacji, kt\u00f3re wydzielaj\u0105 ciep\u0142o. Suszarka, lok\u00f3wka czy prostownica na pewno nie b\u0119d\u0105 dzia\u0142a\u0142y na nasz\u0105 <\/span><b>korzy\u015b\u0107.<\/b><\/p>\n<p><span style=\"color: #ffffff;\">a<\/span><\/p>\n<p><span style=\"font-weight: 400;\">Wszystkich, kt\u00f3rzy chc\u0105 zachwyca\u0107 pi\u0119knymi w\u0142osami, ale r\u00f3wnie\u017c pi\u0119knie pachnie\u0107 i wykonywa\u0107 <\/span><b>ol\u015bniewaj\u0105ce makija\u017ce,<\/b><span style=\"font-weight: 400;\"> zapraszamy do naszego sklepu <a href=\"http:\/\/neness.pl\">neness.pl<\/a>.<\/span><\/p>\n","protected":false},"excerpt":{"rendered":"<p>Pi\u0119kne w\u0142osy to marzenie ka\u017cdej kobiety. Dbamy wi\u0119c o nie, u\u017cywamy mn\u00f3stwa od\u017cywek, kupujemy specjalne szampony, ale i tak zawsze znajdziemy co\u015b, do czego mo\u017cna si\u0119 doczepi\u0107. Nawet najpi\u0119kniejsze obci\u0119cie, idealny kolor i pasemka nie sprawi\u0105, \u017ce b\u0119dziemy dobrze wygl\u0105da\u0107, je\u015bli b\u0119dziemy mie\u0107 t\u0142uste w\u0142osy. Przewa\u017cnie wystarczy zwyczajnie je umy\u0107, aby zn\u00f3w wygl\u0105da\u0142y \u015bwie\u017co. Co [&hellip;]<\/p>\n","protected":false},"author":2,"featured_media":1701,"comment_status":"open","ping_status":"open","sticky":false,"template":"","format":"standard","meta":{"_et_pb_use_builder":"","_et_pb_old_content":"","_et_gb_content_width":"","footnotes":""},"categories":[48],"tags":[],"class_list":["post-1700","post","type-post","status-publish","format-standard","has-post-thumbnail","hentry","category-wlosy-idealne","et-has-post-format-content","et_post_format-et-post-format-standard"],"_links":{"self":[{"href":"https:\/\/neness.pl\/blog\/wp-json\/wp\/v2\/posts\/1700","targetHints":{"allow":["GET"]}}],"collection":[{"href":"https:\/\/neness.pl\/blog\/wp-json\/wp\/v2\/posts"}],"about":[{"href":"https:\/\/neness.pl\/blog\/wp-json\/wp\/v2\/types\/post"}],"author":[{"embeddable":true,"href":"https:\/\/neness.pl\/blog\/wp-json\/wp\/v2\/users\/2"}],"replies":[{"embeddable":true,"href":"https:\/\/neness.pl\/blog\/wp-json\/wp\/v2\/comments?post=1700"}],"version-history":[{"count":0,"href":"https:\/\/neness.pl\/blog\/wp-json\/wp\/v2\/posts\/1700\/revisions"}],"wp:featuredmedia":[{"embeddable":true,"href":"https:\/\/neness.pl\/blog\/wp-json\/wp\/v2\/media\/1701"}],"wp:attachment":[{"href":"https:\/\/neness.pl\/blog\/wp-json\/wp\/v2\/media?parent=1700"}],"wp:term":[{"taxonomy":"category","embeddable":true,"href":"https:\/\/neness.pl\/blog\/wp-json\/wp\/v2\/categories?post=1700"},{"taxonomy":"post_tag","embeddable":true,"href":"https:\/\/neness.pl\/blog\/wp-json\/wp\/v2\/tags?post=1700"}],"curies":[{"name":"wp","href":"https:\/\/api.w.org\/{rel}","templated":true}]}}