{"id":1694,"date":"2017-03-13T13:42:12","date_gmt":"2017-03-13T12:42:12","guid":{"rendered":"http:\/\/ranking-kosmetykow.pl\/?p=1694"},"modified":"2017-03-13T13:42:12","modified_gmt":"2017-03-13T12:42:12","slug":"historia-perfum-od-chanel","status":"publish","type":"post","link":"https:\/\/neness.pl\/blog\/historia-perfum-od-chanel\/","title":{"rendered":"Historia perfum od Chanel"},"content":{"rendered":"<p>Luksus, bogactwo, klasa. Perfumy Chanel &#8211; jak i wszystkie produkty tej <strong>marki<\/strong> &#8211; kojarz\u0105 nam si\u0119 z prawdziwym przepychem i wystawnym \u017cyciem. Nawet je\u015bli na co dzie\u0144 nie je\u017adzimy najnowszymi <strong>Mercedesami<\/strong> i nie ubieramy si\u0119 w butikach najlepszych projektant\u00f3w, mamy czasami ochot\u0119 poczu\u0107 si\u0119 jak <strong>milionerzy.<\/strong> Perfumy Chanel maj\u0105 w\u0142a\u015bnie tak\u0105 moc. A jaka jest ich <strong>historia?<\/strong><\/p>\n<p><!--more--><\/p>\n<p>&nbsp;<\/p>\n<p>Dlaczego piszemy dzi\u015b w\u0142a\u015bnie o perfumach <strong>Coco?<\/strong> Poniewa\u017c w tym roku b\u0119d\u0105 one obchodzi\u0142y setne urodziny! Postanowili\u015bmy wi\u0119c przybli\u017cy\u0107 Wam ich <strong>histori\u0119.<\/strong> Jak powsta\u0142y i co sprawi\u0142o, \u017ce sta\u0142y si\u0119 tak popularne?<\/p>\n<p>&nbsp;<\/p>\n<h4><strong>Ma\u0142a Coco\u00a0<\/strong><\/h4>\n<p>Przysz\u0142a na \u015bwiat w 1883 roku jako <b>Gabrielle Bonheur Chanel<\/b>, w miejscowo\u015bci Samur we Francji. Szybko zosta\u0142a sierot\u0105. Po \u015bmierci jej matki, ojciec porzuci\u0142\u00a0ma\u0142\u0105 <strong>Gabrielle<\/strong> i jej rodze\u0144stwo. Maj\u0105c zaledwie 11 lat, dziewczynka trafi\u0142a do <strong>sieroci\u0144ca.<\/strong> Siostry zakonne, kt\u00f3re go prowadzi\u0142y, nauczy\u0142y ma\u0142\u0105 Coco szy\u0107, a ta zacz\u0119\u0142a szybko sama <strong>projektowa\u0107.<\/strong> Z sieroci\u0144ca zabra\u0142a j\u0105 ciotka, pod kt\u00f3rej skrzyd\u0142ami zacz\u0119\u0142a prawdziw\u0105 karier\u0119 krawieck\u0105. Sk\u0105d wzi\u0119\u0142o si\u0119 wi\u0119c Coco? To pseudonim, pod kt\u00f3rym \u015bpiewa\u0142a w kawiarniach, maj\u0105c niewiele wi\u0119cej ni\u017c 20 lat. To pseudo zosta\u0142o z ni\u0105 ju\u017c na zawsze.<\/p>\n<p>&nbsp;<\/p>\n<h4><strong>Perfumy No. 5<\/strong><\/h4>\n<p>Nie chcemy si\u0119 dzi\u015b skupia\u0107 na modzie, a na perfumach. Co ciekawe, Coco Chanel wcale ich nie skomponowa\u0142a, &#8211; zrobi\u0142 to\u00a0<strong>Ernest Beaux<\/strong>, francuski perfumiarz. Ich pierwotna wersja powsta\u0142a <strong>w 1917 roku<\/strong>, czyli r\u00f3wne sto lat temu! Jednak perfumy te sta\u0142y si\u0119 znane dopiero pi\u0119\u0107 lat p\u00f3\u017aniej. Wypromowa\u0142a je w\u0142a\u015bnie Coco, kt\u00f3ra zam\u00f3wi\u0142a je <strong>na potrzeby swojego pokazu<\/strong>. Znanej projektantce zale\u017ca\u0142o na tym, by rozs\u0142awione przez ni\u0105 perfumy by\u0142y silniejsze ni\u017c te, z kt\u00f3rymi spotykamy si\u0119 na co dzie\u0144. Tak te\u017c si\u0119 sta\u0142o. Zapach jest bardzo mocny i <strong>intensywny.<\/strong><\/p>\n<p>&nbsp;<\/p>\n<p><img loading=\"lazy\" decoding=\"async\" class=\"aligncenter wp-image-1696 \" src=\"http:\/\/ranking-kosmetykow.pl\/wp-content\/uploads\/2017\/03\/chanel2-1024x721.jpg\" alt=\"\" width=\"625\" height=\"440\" srcset=\"https:\/\/neness.pl\/blog\/wp-content\/uploads\/2017\/03\/chanel2-1024x721.jpg 1024w, https:\/\/neness.pl\/blog\/wp-content\/uploads\/2017\/03\/chanel2-300x211.jpg 300w, https:\/\/neness.pl\/blog\/wp-content\/uploads\/2017\/03\/chanel2-768x540.jpg 768w, https:\/\/neness.pl\/blog\/wp-content\/uploads\/2017\/03\/chanel2-1536x1081.jpg 1536w, https:\/\/neness.pl\/blog\/wp-content\/uploads\/2017\/03\/chanel2-1080x760.jpg 1080w, https:\/\/neness.pl\/blog\/wp-content\/uploads\/2017\/03\/chanel2-610x429.jpg 610w, https:\/\/neness.pl\/blog\/wp-content\/uploads\/2017\/03\/chanel2.jpg 1920w\" sizes=\"auto, (max-width: 625px) 100vw, 625px\" \/><\/p>\n<p>&nbsp;<\/p>\n<h4><strong>Co sk\u0142ada si\u0119 na zapach Chanel No. 5?<\/strong><\/h4>\n<div>Na nut\u0119 g\u0142owy sk\u0142adaj\u0105 si\u0119\u00a0neroli, <strong>bergamotka<\/strong>, ylang-ylang, cytryna i <strong>aldehydy.<\/strong> Serce tworz\u0105 ja\u015bmin, r\u00f3\u017ca, konwalia oraz <strong>irys,<\/strong> a podstaw\u0119 stanowi\u0105 <strong>bursztyn,<\/strong> wetyweria, paczula, cyweta, pi\u017cmo, wanilia i <strong>drzewo<\/strong> <strong>sanda\u0142owe<\/strong>. Zapach ten kupicie r\u00f3wnie\u017c oczywi\u015bcie w naszej perfumerii.<\/div>\n<div><\/div>\n<div><\/div>\n<div>\n<div id=\"attachment_1697\" style=\"width: 500px\" class=\"wp-caption aligncenter\"><a href=\"https:\/\/neness.pl\/perfumy_damskie\/chanel\/33_chanel_no_5.html\" target=\"_blank\" rel=\"noopener noreferrer\"><img loading=\"lazy\" decoding=\"async\" aria-describedby=\"caption-attachment-1697\" class=\"wp-image-1697\" src=\"http:\/\/ranking-kosmetykow.pl\/wp-content\/uploads\/2017\/03\/chanel-no5-e1489408205638.jpg\" alt=\"\" width=\"490\" height=\"664\" srcset=\"https:\/\/neness.pl\/blog\/wp-content\/uploads\/2017\/03\/chanel-no5-e1489408205638.jpg 590w, https:\/\/neness.pl\/blog\/wp-content\/uploads\/2017\/03\/chanel-no5-e1489408205638-221x300.jpg 221w\" sizes=\"auto, (max-width: 490px) 100vw, 490px\" \/><\/a><p id=\"caption-attachment-1697\" class=\"wp-caption-text\">Perfumetka inspirowana Chanel no.5 &#8211; kupisz w perfumerii Neness!<\/p><\/div>\n<p>&nbsp;<\/p>\n<\/div>\n<p>Wszystkich zainteresowanych zapachem <strong>Chanel No. 5<\/strong>, jego zaktualizowan\u0105 wersj\u0105 <a href=\"https:\/\/neness.pl\/perfumy_damskie\/chanel\/189_chanel_5_l_eau.html\">Chanel No. 5 L&#8217;eau<\/a> czy innymi perfumetkami, zapraszamy na\u00a0<a href=\"http:\/\/neness.pl\">neness.pl<\/a>.<\/p>\n","protected":false},"excerpt":{"rendered":"<p>Luksus, bogactwo, klasa. Perfumy Chanel &#8211; jak i wszystkie produkty tej marki &#8211; kojarz\u0105 nam si\u0119 z prawdziwym przepychem i wystawnym \u017cyciem. Nawet je\u015bli na co dzie\u0144 nie je\u017adzimy najnowszymi Mercedesami i nie ubieramy si\u0119 w butikach najlepszych projektant\u00f3w, mamy czasami ochot\u0119 poczu\u0107 si\u0119 jak milionerzy. Perfumy Chanel maj\u0105 w\u0142a\u015bnie tak\u0105 moc. A jaka jest [&hellip;]<\/p>\n","protected":false},"author":2,"featured_media":1695,"comment_status":"open","ping_status":"open","sticky":false,"template":"","format":"standard","meta":{"_et_pb_use_builder":"","_et_pb_old_content":"","_et_gb_content_width":"","footnotes":""},"categories":[19],"tags":[],"class_list":["post-1694","post","type-post","status-publish","format-standard","has-post-thumbnail","hentry","category-zachwycaj-zapachem","et-has-post-format-content","et_post_format-et-post-format-standard"],"_links":{"self":[{"href":"https:\/\/neness.pl\/blog\/wp-json\/wp\/v2\/posts\/1694","targetHints":{"allow":["GET"]}}],"collection":[{"href":"https:\/\/neness.pl\/blog\/wp-json\/wp\/v2\/posts"}],"about":[{"href":"https:\/\/neness.pl\/blog\/wp-json\/wp\/v2\/types\/post"}],"author":[{"embeddable":true,"href":"https:\/\/neness.pl\/blog\/wp-json\/wp\/v2\/users\/2"}],"replies":[{"embeddable":true,"href":"https:\/\/neness.pl\/blog\/wp-json\/wp\/v2\/comments?post=1694"}],"version-history":[{"count":0,"href":"https:\/\/neness.pl\/blog\/wp-json\/wp\/v2\/posts\/1694\/revisions"}],"wp:featuredmedia":[{"embeddable":true,"href":"https:\/\/neness.pl\/blog\/wp-json\/wp\/v2\/media\/1695"}],"wp:attachment":[{"href":"https:\/\/neness.pl\/blog\/wp-json\/wp\/v2\/media?parent=1694"}],"wp:term":[{"taxonomy":"category","embeddable":true,"href":"https:\/\/neness.pl\/blog\/wp-json\/wp\/v2\/categories?post=1694"},{"taxonomy":"post_tag","embeddable":true,"href":"https:\/\/neness.pl\/blog\/wp-json\/wp\/v2\/tags?post=1694"}],"curies":[{"name":"wp","href":"https:\/\/api.w.org\/{rel}","templated":true}]}}