{"id":1688,"date":"2017-03-09T15:49:40","date_gmt":"2017-03-09T14:49:40","guid":{"rendered":"http:\/\/ranking-kosmetykow.pl\/?p=1688"},"modified":"2017-03-09T15:49:40","modified_gmt":"2017-03-09T14:49:40","slug":"jak-pachnie-jasmin","status":"publish","type":"post","link":"https:\/\/neness.pl\/blog\/jak-pachnie-jasmin\/","title":{"rendered":"Jak pachnie ja\u015bmin?"},"content":{"rendered":"<p><span style=\"font-weight: 400;\">Ja\u015bmin kojarzymy z ro\u015blin\u0105, ale i z zapachem. Wiemy, \u017ce zachwyca nim, dlatego te\u017c\u00a0cz\u0119sto <strong>pojawia si\u0119 w perfumach<\/strong>. Dzi\u015b postanowili\u015bmy pochyli\u0107 si\u0119 nad nim nieco bardziej i przedstawi\u0107 kilka ciekawostek. Zaczynamy!<\/span><\/p>\n<p><!--more--><\/p>\n<p>&nbsp;<\/p>\n<p><span style=\"font-weight: 400;\">Okazuje si\u0119, \u017ce w perfumach ja\u015bmin zyska\u0142 popularno\u015b\u0107 ju\u017c w XVI wieku. Wtedy to w\u0142a\u015bnie zacz\u0105\u0142 pojawia\u0107 si\u0119 we flakonach i mo\u017cliwym sta\u0142o si\u0119 skrapianie jego zapachem. Od tamtej pory pojawia si\u0119 w wielu zapachach zamkni\u0119tych w szklane buteleczki. Wyst\u0119puje przede wszystkim <\/span><b>w nutach serca<\/b><span style=\"font-weight: 400;\">, a wi\u0119c tych, kt\u00f3re s\u0105 najs\u0142abiej wyczuwalne, a uaktywniaj\u0105 si\u0119 dopiero <\/span><b>po blisko 10 minutach od momentu spryskania<\/b><span style=\"font-weight: 400;\">. Ja\u015bmin w perfumach ma by\u0107 przede wszystkim <strong>uzupe\u0142nieniem<\/strong> pozosta\u0142ych sk\u0142adnik\u00f3w.<\/span><\/p>\n<p>&nbsp;<\/p>\n<h3><b><\/b><strong>Aromat, kt\u00f3ry koi zmys\u0142y<\/strong><\/h3>\n<p><span style=\"font-weight: 400;\">Nie posiadamy niestety umiej\u0119tno\u015bci, kt\u00f3re pozwoli\u0142yby nam odda\u0107 zapach za pomoc\u0105 s\u0142\u00f3w. Mo\u017cemy jednak spr\u00f3bowa\u0107 cho\u0107 troch\u0119 go opisa\u0107.\u00a0To aromat, kt\u00f3ry koi nerwy i potrafi doskonale\u00a0<\/span>polepszy\u0107 nasze samopoczucie<span style=\"font-weight: 400;\">. Poza tym ja\u015bmin ma <strong>bardzo delikatne, \u015blicznie wygl\u0105daj\u0105ce p\u0142atki<\/strong>, kt\u00f3re pi\u0119knie komponuj\u0105 si\u0119 w bukietach \u015blubnych. A wiadomo przecie\u017c, \u017ce w tym wa\u017cnym dniu warto, aby panna m\u0142oda zachowa\u0142a spok\u00f3j. Swym zapachem ja\u015bmin powinien jej w tym pom\u00f3c.<\/span><\/p>\n<p>&nbsp;<\/p>\n<div id=\"attachment_1691\" style=\"width: 835px\" class=\"wp-caption aligncenter\"><img loading=\"lazy\" decoding=\"async\" aria-describedby=\"caption-attachment-1691\" class=\"wp-image-1691 \" src=\"http:\/\/ranking-kosmetykow.pl\/wp-content\/uploads\/2017\/03\/jasmine-1024x683.jpg\" alt=\"\" width=\"825\" height=\"550\" srcset=\"https:\/\/neness.pl\/blog\/wp-content\/uploads\/2017\/03\/jasmine-1024x683.jpg 1024w, https:\/\/neness.pl\/blog\/wp-content\/uploads\/2017\/03\/jasmine-300x200.jpg 300w, https:\/\/neness.pl\/blog\/wp-content\/uploads\/2017\/03\/jasmine-768x512.jpg 768w, https:\/\/neness.pl\/blog\/wp-content\/uploads\/2017\/03\/jasmine-1080x720.jpg 1080w, https:\/\/neness.pl\/blog\/wp-content\/uploads\/2017\/03\/jasmine-610x407.jpg 610w, https:\/\/neness.pl\/blog\/wp-content\/uploads\/2017\/03\/jasmine.jpg 1200w\" sizes=\"auto, (max-width: 825px) 100vw, 825px\" \/><p id=\"caption-attachment-1691\" class=\"wp-caption-text\">anna_gorbenko, fotolia.com, #123633978<\/p><\/div>\n<p>&nbsp;<\/p>\n<h3><b>Gatunki ja\u015bminu w perfumach<\/b><\/h3>\n<p><span style=\"font-weight: 400;\">Wyr\u00f3\u017cniamy\u00a0dwa gatunki ja\u015bminu. Pierwszy z nich znany jest jako wielkokwiatowy, kr\u00f3lewski czy hiszpa\u0144ski. Cechuje go bardzo <strong>intensywny aromat.<\/strong> Wszystkie perfumy, kt\u00f3re zawieraj\u0105 go w swoim sk\u0142adzie, s\u0105 do\u015b\u0107<\/span> g\u0119ste, silne, drapie\u017cne<span style=\"font-weight: 400;\">. Z kolei drugi typ, <strong>ja\u015bmin lekarski<\/strong>, to zdecydowanie <strong>delikatniejszy zapach<\/strong>. W swoich kwiatach ma mniej olejk\u00f3w aromatycznych, co sprawia, \u017ce doskonale pasuje do lekkich kompozycji.\u00a0<\/span><\/p>\n<p>&nbsp;<\/p>\n<h3><b>Ja\u015bmin w naszych produktach<\/b><\/h3>\n<p><span style=\"font-weight: 400;\">Ja\u015bmin spotkamy w wielu perfumach, kt\u00f3re ciesz\u0105 si\u0119<\/span>\u00a0ogromn\u0105 popularno\u015bci\u0105<span style=\"font-weight: 400;\"> na rynku. I cho\u0107 kojarzy nam si\u0119 przede wszystkim z <strong>kobiecymi zapachami,<\/strong> to w m\u0119skich flakonach te\u017c cz\u0119sto si\u0119 ukrywaj\u0105. Znajdziecie je r\u00f3wnie\u017c w naszych <a href=\"https:\/\/neness.pl\/\">pr\u00f3bkach perfum ze sklepu online<\/a>.\u00a0<\/span><\/p>\n<p>&nbsp;<\/p>\n<div id=\"attachment_1690\" style=\"width: 431px\" class=\"wp-caption aligncenter\"><a href=\"https:\/\/neness.pl\/perfumy_damskie\/dior\/134_dior_addict_eau_delice.html\" target=\"_blank\" rel=\"noopener noreferrer\"><img loading=\"lazy\" decoding=\"async\" aria-describedby=\"caption-attachment-1690\" class=\"wp-image-1690\" src=\"http:\/\/ranking-kosmetykow.pl\/wp-content\/uploads\/2017\/03\/addict-e1489070789286.jpg\" alt=\"\" width=\"421\" height=\"478\" srcset=\"https:\/\/neness.pl\/blog\/wp-content\/uploads\/2017\/03\/addict-e1489070789286.jpg 555w, https:\/\/neness.pl\/blog\/wp-content\/uploads\/2017\/03\/addict-e1489070789286-264x300.jpg 264w\" sizes=\"auto, (max-width: 421px) 100vw, 421px\" \/><\/a><p id=\"caption-attachment-1690\" class=\"wp-caption-text\">Perfumetka inspirowana Dior Addict Eau Delice &#8211; 12,00 z\u0142\/22 ml<\/p><\/div>\n<p>&nbsp;<\/p>\n<p class=\"product__data__name\">Addict Eau Delice\u00a0od Diora\u00a0to czaruj\u0105cy zapach dla pa\u0144. Zawiera w sobie \u017curawin\u0119 ylang \u2013 ylang, bia\u0142e pi\u017cmo i ja\u015bmin w\u0142a\u015bnie. Doskonale\u00a0pobudza zmys\u0142y.<\/p>\n<p><span style=\"font-weight: 400;\">Wi\u0119cej perfum z ja\u015bminem w sk\u0142adzie, np. <\/span><a href=\"https:\/\/neness.pl\/perfumy_damskie\/lancome\/136_lancome_la_vie_est_belle.html\">Lancome La Vie Est Belle<\/a>\u00a0<span style=\"font-weight: 400;\">czy\u00a0<\/span><a href=\"https:\/\/neness.pl\/perfumy_damskie\/chanel\/28_chanel_allure.html\">Chanel Allure<\/a>\u00a0<span style=\"font-weight: 400;\">znajdziecie w naszym internetowym sklepie\u00a0<\/span><span style=\"font-weight: 400;\"><a href=\"http:\/\/neness.pl\">neness.pl<\/a>.\u00a0<\/span><\/p>\n","protected":false},"excerpt":{"rendered":"<p>Ja\u015bmin kojarzymy z ro\u015blin\u0105, ale i z zapachem. Wiemy, \u017ce zachwyca nim, dlatego te\u017c\u00a0cz\u0119sto pojawia si\u0119 w perfumach. Dzi\u015b postanowili\u015bmy pochyli\u0107 si\u0119 nad nim nieco bardziej i przedstawi\u0107 kilka ciekawostek. Zaczynamy!<\/p>\n","protected":false},"author":2,"featured_media":1689,"comment_status":"open","ping_status":"open","sticky":false,"template":"","format":"standard","meta":{"_et_pb_use_builder":"","_et_pb_old_content":"","_et_gb_content_width":"","footnotes":""},"categories":[19],"tags":[],"class_list":["post-1688","post","type-post","status-publish","format-standard","has-post-thumbnail","hentry","category-zachwycaj-zapachem","et-has-post-format-content","et_post_format-et-post-format-standard"],"_links":{"self":[{"href":"https:\/\/neness.pl\/blog\/wp-json\/wp\/v2\/posts\/1688","targetHints":{"allow":["GET"]}}],"collection":[{"href":"https:\/\/neness.pl\/blog\/wp-json\/wp\/v2\/posts"}],"about":[{"href":"https:\/\/neness.pl\/blog\/wp-json\/wp\/v2\/types\/post"}],"author":[{"embeddable":true,"href":"https:\/\/neness.pl\/blog\/wp-json\/wp\/v2\/users\/2"}],"replies":[{"embeddable":true,"href":"https:\/\/neness.pl\/blog\/wp-json\/wp\/v2\/comments?post=1688"}],"version-history":[{"count":0,"href":"https:\/\/neness.pl\/blog\/wp-json\/wp\/v2\/posts\/1688\/revisions"}],"wp:featuredmedia":[{"embeddable":true,"href":"https:\/\/neness.pl\/blog\/wp-json\/wp\/v2\/media\/1689"}],"wp:attachment":[{"href":"https:\/\/neness.pl\/blog\/wp-json\/wp\/v2\/media?parent=1688"}],"wp:term":[{"taxonomy":"category","embeddable":true,"href":"https:\/\/neness.pl\/blog\/wp-json\/wp\/v2\/categories?post=1688"},{"taxonomy":"post_tag","embeddable":true,"href":"https:\/\/neness.pl\/blog\/wp-json\/wp\/v2\/tags?post=1688"}],"curies":[{"name":"wp","href":"https:\/\/api.w.org\/{rel}","templated":true}]}}