{"id":1673,"date":"2017-03-03T12:58:17","date_gmt":"2017-03-03T11:58:17","guid":{"rendered":"http:\/\/ranking-kosmetykow.pl\/?p=1673"},"modified":"2017-03-03T12:58:17","modified_gmt":"2017-03-03T11:58:17","slug":"dbamy-o-wlosy-naturalne-skladniki-ktore-pomoga-poprawic-ich-kondycje","status":"publish","type":"post","link":"https:\/\/neness.pl\/blog\/dbamy-o-wlosy-naturalne-skladniki-ktore-pomoga-poprawic-ich-kondycje\/","title":{"rendered":"Dbamy o w\u0142osy &#8211; naturalne sk\u0142adniki, kt\u00f3re pomog\u0105 poprawi\u0107 ich kondycj\u0119"},"content":{"rendered":"<p><span style=\"font-weight: 400;\">W\u0142osy mi\u0119kkie, g\u0142adkie, l\u015bni\u0105ce. Ka\u017cda kobieta o takich marzy i zrobi naprawd\u0119 wiele, by uzyska\u0107 upragniony wygl\u0105d. Niestraszne s\u0105 im godziny <strong>z olejkami i r\u0119cznikami na g\u0142owach<\/strong>, dziwne zapachy kosmetyk\u00f3w czy szampony, kt\u00f3re <strong>szczypi\u0105 w oczy<\/strong>. My postanowili\u015bmy napisa\u0107 dzi\u015b kilka s\u0142\u00f3w o naturalnych sk\u0142adnikach, kt\u00f3re <strong>skutecznie wp\u0142yn\u0105 na kondycj\u0119 w\u0142os\u00f3w<\/strong>. Jak je stosowa\u0107?\u00a0<\/span><\/p>\n<p><!--more--><\/p>\n<p>&nbsp;<\/p>\n<p><span style=\"font-weight: 400;\">Okazuje si\u0119, \u017ce niekt\u00f3re z tych produkt\u00f3w, kt\u00f3re na co dzie\u0144 s\u0142u\u017c\u0105 nam w kuchni lub znajduj\u0105 si\u0119 w naszej apteczce, mog\u0105 pom\u00f3c nam w uzyskaniu dobrej kondycji w\u0142os\u00f3w. Tymczasem my nie zdajemy sobie nawet sprawy z tego, \u017ce <strong>w przemy\u015ble kosmetycznym s\u0105 one wykorzystywane do produkcji kosmetyk\u00f3w<\/strong>, kt\u00f3re maj\u0105 wzmocni\u0107 i poprawi\u0107 kondycj\u0119 w\u0142os\u00f3w. Jakie to sk\u0142adniki?<\/span><\/p>\n<p>&nbsp;<\/p>\n<h4><b>Sza\u0142wia<\/b><\/h4>\n<p><span style=\"font-weight: 400;\">Nam kojarzy si\u0119 g\u0142\u00f3wnie z pastylek <strong>do ssania przy b\u00f3lu gard\u0142a<\/strong>, ewentualnie jako przyprawa lub susz, z kt\u00f3rego <strong>przygotowuje si\u0119 napar, stosowany w anginie<\/strong>. Tymczasem ma on r\u00f3wnie\u017c szerokie zastosowanie w kosmetyce, a dok\u0142adniej &#8211; w dbaniu o w\u0142osy. P\u0142ukanka z sza\u0142wii wp\u0142ywa korzystnie na nie tylko na same w\u0142osy, ale r\u00f3wnie\u017c na sk\u00f3r\u0119 g\u0142owy. Jest bardzo \u0142atwa w przygotowaniu. Zaparzamy sza\u0142wi\u0119, a nast\u0119pnie <strong>studzimy napar<\/strong>. Gdy b\u0119dzie ju\u017c zimny, polewamy nim w\u0142osy, kt\u00f3re wcze\u015bniej umyli\u015bmy. Sza\u0142wia dzia\u0142a stymuluj\u0105co na <\/span><b>cebulki w\u0142os\u00f3w<\/b>. P<span style=\"font-weight: 400;\">obudza je do wzrostu. Warto te\u017c wspomnie\u0107 o jej przeciw\u0142upie\u017cowym dzia\u0142aniu. Poza tym dzi\u0119ki tej p\u0142ukance<strong> sk\u00f3ra g\u0142owy nie b\u0119dzie tak szybko si\u0119 przet\u0142uszcza\u0107<\/strong>. Po tej p\u0142ukance w\u0142osy staj\u0105 si\u0119 mocniejsze, mniej wypadaj\u0105 i \u0142atwiej si\u0119 je uk\u0142ada.<\/span><\/p>\n<p>&nbsp;<\/p>\n<div id=\"attachment_1678\" style=\"width: 680px\" class=\"wp-caption aligncenter\"><img loading=\"lazy\" decoding=\"async\" aria-describedby=\"caption-attachment-1678\" class=\"wp-image-1678 \" src=\"http:\/\/ranking-kosmetykow.pl\/wp-content\/uploads\/2017\/03\/dbam-o-w\u0142osy-2-1024x684.jpg\" width=\"670\" height=\"448\" \/><p id=\"caption-attachment-1678\" class=\"wp-caption-text\">oriori, fotolia.com, #115485157<\/p><\/div>\n<p>&nbsp;<\/p>\n<h4><b>Nab\u0142yszczaj\u0105ce \u017c\u00f3\u0142tko<\/b><\/h4>\n<p>Do przygotowania tej maseczki na w\u0142osy nie potrzebujemy wiele &#8211; wystarczy si\u0119gn\u0105\u0107 do kuchennej szafki, a tam na pewno znajdziemy odpowiednie sk\u0142adniki. Potrzebne b\u0119d\u0105 nam jedynie dwa \u017c\u00f3\u0142tka, dwie \u0142y\u017cki oliwy z oliwek i <strong>jedna \u0142y\u017cka miodu<\/strong>. Najpierw mieszamy ze sob\u0105 \u017c\u00f3\u0142tka i oliw\u0119 z oliwek, a nast\u0119pnie dodajemy \u0142y\u017ck\u0119 miodu. Tak powsta\u0142\u0105 maseczk\u0119 nak\u0142adamy na ca\u0142\u0105 d\u0142ugo\u015b\u0107 w\u0142os\u00f3w, pami\u0119taj\u0105c, by wmasowa\u0107 j\u0105 r\u00f3wnie\u017c w sk\u00f3r\u0119 g\u0142owy. Na g\u0142ow\u0119 <strong>nak\u0142adamy foli\u00f3wk\u0119<\/strong>, zawijamy r\u0119cznikiem i odczekujemy tak oko\u0142o godzin\u0119. Po tym czasie mo\u017cemy sp\u0142uka\u0107 jajko z w\u0142os\u00f3w i umy\u0107 g\u0142ow\u0119 szamponem.<\/p>\n<p>&nbsp;<\/p>\n<h4><b>Ekstrakt z \u017ce\u0144 szenia<\/b><\/h4>\n<p><span style=\"font-weight: 400;\">Znamy go w wersji kapsu\u0142ek, wp\u0142ywaj\u0105cych na witalno\u015b\u0107. Opr\u00f3cz tego jest te\u017c bardzo cz\u0119stym dodatkiem do kosmetyk\u00f3w. Dzia\u0142a antycellulitowo, regeneruj\u0105co, a tak\u017ce pomaga w walce z wolnymi rodnikami. Poza tym <strong>poprawia koloryt sk\u00f3ry i jej ukrwienie<\/strong>. A jak reaguj\u0105 na niego w\u0142osy? Rewelacyjnie, dlatego cz\u0119sto dodaje si\u0119 go do\u00a0<\/span>od\u017cywek i masek<span style=\"font-weight: 400;\">. Przepis na skuteczny kosmetyk z \u017ce\u0144 szeniem jest tu bardzo prosty &#8211; dodajemy<strong> 0,3 g wyci\u0105gu z korzenia \u017ce\u0144 szenia<\/strong> do 100 ml maski i rozprowadzamy j\u0105 na w\u0142osach. To sprawi, \u017ce stan\u0105 si\u0119 one bardziej l\u015bni\u0105ce i g\u0142adkie. Poza tym mamy dobr\u0105 informacj\u0119 dla wszystkich posiadaczek burzy lok\u00f3w &#8211; \u017ce\u0144 sze\u0144 sprawi, \u017ce s<strong>piralki b\u0119d\u0105 d\u0142u\u017cej zachowywa\u0142y idealny kszta\u0142t<\/strong>.<\/span><\/p>\n<p>&nbsp;<\/p>\n<div id=\"attachment_1677\" style=\"width: 675px\" class=\"wp-caption aligncenter\"><img loading=\"lazy\" decoding=\"async\" aria-describedby=\"caption-attachment-1677\" class=\"wp-image-1677 \" src=\"http:\/\/ranking-kosmetykow.pl\/wp-content\/uploads\/2017\/03\/dbamy-o-w\u0142osy-1024x683.jpg\" width=\"665\" height=\"443\" \/><p id=\"caption-attachment-1677\" class=\"wp-caption-text\">vladimirfloyd, fotolia.com, #103514754<\/p><\/div>\n<p>&nbsp;<\/p>\n<p><span style=\"font-weight: 400;\">Zapewniamy, \u017ce codzienne dbanie o w\u0142osy wcale <strong>nie musi by\u0107 kosztowne ani czasoch\u0142onne<\/strong>. Niejednokrotnie u\u017cywamy przecie\u017c najr\u00f3\u017cniejszych <a href=\"https:\/\/neness.pl\/kosmetyki\/wlosy\/olejki.html\">olejk\u00f3w <\/a>czy masek. Dlaczego wi\u0119c nie mieliby\u015bmy doda\u0107 do nich naturalnych sk\u0142adnik\u00f3w? Jeste\u015bmy przekonani, \u017ce b\u0119dziecie zadowoleni z efekt\u00f3w! Napiszcie nam w komentarzach, jak jeszcze w naturalny spos\u00f3b dbacie o w\u0142osy. Jeste\u015bmy bardzo ciekawi!<\/span><\/p>\n","protected":false},"excerpt":{"rendered":"<p>W\u0142osy mi\u0119kkie, g\u0142adkie, l\u015bni\u0105ce. Ka\u017cda kobieta o takich marzy i zrobi naprawd\u0119 wiele, by uzyska\u0107 upragniony wygl\u0105d. Niestraszne s\u0105 im godziny z olejkami i r\u0119cznikami na g\u0142owach, dziwne zapachy kosmetyk\u00f3w czy szampony, kt\u00f3re szczypi\u0105 w oczy. My postanowili\u015bmy napisa\u0107 dzi\u015b kilka s\u0142\u00f3w o naturalnych sk\u0142adnikach, kt\u00f3re skutecznie wp\u0142yn\u0105 na kondycj\u0119 w\u0142os\u00f3w. Jak je stosowa\u0107?\u00a0<\/p>\n","protected":false},"author":2,"featured_media":1676,"comment_status":"open","ping_status":"open","sticky":false,"template":"","format":"standard","meta":{"_et_pb_use_builder":"","_et_pb_old_content":"","_et_gb_content_width":"","footnotes":""},"categories":[48],"tags":[],"class_list":["post-1673","post","type-post","status-publish","format-standard","has-post-thumbnail","hentry","category-wlosy-idealne","et-has-post-format-content","et_post_format-et-post-format-standard"],"_links":{"self":[{"href":"https:\/\/neness.pl\/blog\/wp-json\/wp\/v2\/posts\/1673","targetHints":{"allow":["GET"]}}],"collection":[{"href":"https:\/\/neness.pl\/blog\/wp-json\/wp\/v2\/posts"}],"about":[{"href":"https:\/\/neness.pl\/blog\/wp-json\/wp\/v2\/types\/post"}],"author":[{"embeddable":true,"href":"https:\/\/neness.pl\/blog\/wp-json\/wp\/v2\/users\/2"}],"replies":[{"embeddable":true,"href":"https:\/\/neness.pl\/blog\/wp-json\/wp\/v2\/comments?post=1673"}],"version-history":[{"count":0,"href":"https:\/\/neness.pl\/blog\/wp-json\/wp\/v2\/posts\/1673\/revisions"}],"wp:featuredmedia":[{"embeddable":true,"href":"https:\/\/neness.pl\/blog\/wp-json\/wp\/v2\/media\/1676"}],"wp:attachment":[{"href":"https:\/\/neness.pl\/blog\/wp-json\/wp\/v2\/media?parent=1673"}],"wp:term":[{"taxonomy":"category","embeddable":true,"href":"https:\/\/neness.pl\/blog\/wp-json\/wp\/v2\/categories?post=1673"},{"taxonomy":"post_tag","embeddable":true,"href":"https:\/\/neness.pl\/blog\/wp-json\/wp\/v2\/tags?post=1673"}],"curies":[{"name":"wp","href":"https:\/\/api.w.org\/{rel}","templated":true}]}}