{"id":1667,"date":"2017-03-02T14:41:38","date_gmt":"2017-03-02T13:41:38","guid":{"rendered":"http:\/\/ranking-kosmetykow.pl\/?p=1667"},"modified":"2017-03-02T14:41:38","modified_gmt":"2017-03-02T13:41:38","slug":"malujemy-paznokcie-do-pracy-jakie-zasady-panuja-w-manicure-do-biura","status":"publish","type":"post","link":"https:\/\/neness.pl\/blog\/malujemy-paznokcie-do-pracy-jakie-zasady-panuja-w-manicure-do-biura\/","title":{"rendered":"Malujemy paznokcie do pracy &#8211; jakie zasady panuj\u0105 w manicure do biura?"},"content":{"rendered":"<p>Niekt\u00f3rym mo\u017ce si\u0119 to wydawa\u0107 przesad\u0105, jednak to, na jaki kolor i <strong>w jaki spos\u00f3b malujemy paznokcie<\/strong>, <span style=\"font-weight: 400;\">przekazuje w pewien spos\u00f3b informacje na nasz temat. Istnieje paleta kolor\u00f3w, kt\u00f3re nie mieszcz\u0105 si\u0119 w standardzie <strong>\u201edress code\u201d<\/strong>. Jak powinno si\u0119, a jak nie nale\u017cy malowa\u0107 paznokci do pracy?<\/span><\/p>\n<p><!--more--><\/p>\n<p>&nbsp;<\/p>\n<p><span style=\"font-weight: 400;\">Je\u017celi na co dzie\u0144 pracujemy w sektorze administracji, w urz\u0119dzie, banku czy w szkole, naszym obowi\u0105zkiem jest powa\u017cny, stonowany wygl\u0105d. W ten spos\u00f3b dbamy o sw\u00f3j wizeunek. Ta sama regu\u0142a dotyczy nas wtedy, gdy idziemy na rozmow\u0119 rekrutacyjn\u0105. Zbyt <strong>kolorowy manicure,<\/strong> z licznymi zdobieniami i b\u0142yskotkami, kt\u00f3ry ju\u017c na pierwszy rzut oka wygl\u0105da na bardzo czasoch\u0142onny, b\u0119dzie\u00a0<\/span><span style=\"font-weight: 400;\">wskazywa\u0107 na du\u017c\u0105 koncentracj\u0119 na w\u0142asnym wygl\u0105dzie, a dodatkowo <strong>sugerowa\u0107 pr\u00f3\u017cno\u015b<\/strong>\u0107 oraz fakt, \u017ce posiadamy du\u017co wolnego czasu, co z kolei przywodzi na my\u015bl lenistwo.<\/span><\/p>\n<p>&nbsp;<\/p>\n<h4><b>Czego unika\u0107 w manicure do pracy?<\/b><\/h4>\n<p><span style=\"font-weight: 400;\">Zasada numer jeden brzmi: \u017cadnych ostrych i mocno rzucaj\u0105cych si\u0119 w oczy barw. Wszelkie <strong>lakiery fluorescencyjne<\/strong> niestety musz\u0105 p\u00f3j\u015b\u0107 w odstawk\u0119. Mo\u017ce Was to zmartwi, ale nie powinny\u015bmy te\u017c pozwoli\u0107 sobie na paznokcie w kilku r\u00f3\u017cnych kolorach na raz. Nawet je\u015bli obecnie s\u0105 w modzie, to przez pracodawc\u0119 mo\u017cemy zosta\u0107 w nich odebrane jako osoby o <\/span>dziecinnym usposobieniu<span style=\"font-weight: 400;\">. Z pewno\u015bci\u0105 <strong>niewskazane jest te\u017c <\/strong><\/span><strong>za du\u017co wzork\u00f3w na raz<\/strong>. To mo\u017ce bowiem zasugerowa\u0107<span style=\"font-weight: 400;\">, \u017ce dbanie o paznokcie zajmuje nam tygodniowo kilka godzin.\u00a0<\/span><\/p>\n<p>&nbsp;<\/p>\n<div id=\"attachment_1668\" style=\"width: 676px\" class=\"wp-caption aligncenter\"><img loading=\"lazy\" decoding=\"async\" aria-describedby=\"caption-attachment-1668\" class=\"wp-image-1668 \" src=\"http:\/\/ranking-kosmetykow.pl\/wp-content\/uploads\/2017\/03\/paznokcie-praca-1024x680.jpg\" width=\"666\" height=\"442\" srcset=\"https:\/\/neness.pl\/blog\/wp-content\/uploads\/2017\/03\/paznokcie-praca-1024x680.jpg 1024w, https:\/\/neness.pl\/blog\/wp-content\/uploads\/2017\/03\/paznokcie-praca-300x199.jpg 300w, https:\/\/neness.pl\/blog\/wp-content\/uploads\/2017\/03\/paznokcie-praca-768x510.jpg 768w, https:\/\/neness.pl\/blog\/wp-content\/uploads\/2017\/03\/paznokcie-praca-1080x717.jpg 1080w, https:\/\/neness.pl\/blog\/wp-content\/uploads\/2017\/03\/paznokcie-praca-610x405.jpg 610w, https:\/\/neness.pl\/blog\/wp-content\/uploads\/2017\/03\/paznokcie-praca.jpg 1200w\" sizes=\"auto, (max-width: 666px) 100vw, 666px\" \/><p id=\"caption-attachment-1668\" class=\"wp-caption-text\">Vadim, fotolia.com, #130178111<\/p><\/div>\n<p>&nbsp;<\/p>\n<h4><b>Jak pomalowa\u0107 paznokcie do pracy, aby nie budzi\u0142y zastrze\u017ce\u0144?<\/b><\/h4>\n<ul>\n<li style=\"font-weight: 400;\"><b>manicure<\/b><span style=\"font-weight: 400;\"> <strong>francuski<\/strong> \u2013 uchodzi za elegancki. Zazwyczaj zobaczymy go na paznokciach spokojnych, <strong>u\u0142o\u017conych, ale pewnych siebie kobiet<\/strong>. D\u0142onie z tak pomalowanymi paznokciami wygl\u0105daj\u0105 na zadbane. Z nimi wywieramy wra\u017cenie profesjonalist\u00f3w.<\/span><\/li>\n<li style=\"font-weight: 400;\"><b>delikatne kolory o jasnych odcieniach\u00a0<\/b><span style=\"font-weight: 400;\">\u2013 delikatno\u015b\u0107, kt\u00f3ra nie rzuca si\u0119 w oczy, ale jednocze\u015bnie zaznacza, \u017ce\u00a0<\/span><strong>dbamy o w\u0142asny wygl\u0105d<\/strong><span style=\"font-weight: 400;\">. Je\u017celi w pracy mamy mie\u0107 kontakt z klientem, to doskona\u0142y wyb\u00f3r.<\/span><\/li>\n<li style=\"font-weight: 400;\"><b>czerwone paznokcie<\/b><span style=\"font-weight: 400;\"> \u2013 doskona\u0142a decyzja, je\u015bli startujemy w konkursie na stanowisko kierownicze. Tutaj wa\u017cne jest jednak, <strong>by nie by\u0142y one za d\u0142ugie<\/strong>. Poza tym warto doda\u0107, \u017ce lepiej b\u0119dzie, gdy zdecydujemy si\u0119 na ciemny odcie\u0144 czerwieni (mo\u017ce nawet <strong>wpada\u0107 w bordo<\/strong>). Krwistym paznokciom m\u00f3wimy: nie!<\/span><\/li>\n<\/ul>\n<p>&nbsp;<\/p>\n<div id=\"attachment_1669\" style=\"width: 562px\" class=\"wp-caption aligncenter\"><a href=\"https:\/\/neness.pl\/kosmetyki\/paznokcie\/lakiery_do_paznokci\/hybrydy_chiodo_pro_lakier_hybrydowy_do_paznokci_10.html\" target=\"_blank\" rel=\"noopener\"><img loading=\"lazy\" decoding=\"async\" aria-describedby=\"caption-attachment-1669\" class=\"wp-image-1669 size-full\" src=\"http:\/\/ranking-kosmetykow.pl\/wp-content\/uploads\/2017\/03\/czerwony-lakier-e1488460944557.jpg\" width=\"552\" height=\"585\" srcset=\"https:\/\/neness.pl\/blog\/wp-content\/uploads\/2017\/03\/czerwony-lakier-e1488460944557.jpg 552w, https:\/\/neness.pl\/blog\/wp-content\/uploads\/2017\/03\/czerwony-lakier-e1488460944557-283x300.jpg 283w\" sizes=\"auto, (max-width: 552px) 100vw, 552px\" \/><\/a><p id=\"caption-attachment-1669\" class=\"wp-caption-text\">HYBRYDY CHIODO PRO LAKIER HYBRYDOWY DO PAZNOKCI \/ 24,90 z\u0142<\/p><\/div>\n<p>&nbsp;<\/p>\n<ul>\n<li style=\"font-weight: 400;\"><b>koralowe<\/b><span style=\"font-weight: 400;\"> \u2013 to dobry wyb\u00f3r do ka\u017cdej pracy. Kolor ten jest <\/span>do\u015b\u0107 naturalny<span style=\"font-weight: 400;\">, dlatego <strong>dobrze si\u0119 prezentuje<\/strong>. Gdy wybierzemy ten kolor dla naszych paznokci, d\u0142onie b\u0119d\u0105 wygl\u0105da\u0142y zdrowo i zadbanie. Poza tym taki kolor przywo\u0142uje na my\u015bl pewno\u015b\u0107 siebie (jednak nieprzesadn\u0105), a tak\u017ce ugodowo\u015b\u0107 oraz umiej\u0119tno\u015b\u0107 samokontroli.<\/span><\/li>\n<li style=\"font-weight: 400;\"><b>barwy pastelowe <\/b><span style=\"font-weight: 400;\">\u2013 wyr\u00f3\u017cni nas i pozwoli podkre\u015bli\u0107 otwarto\u015b\u0107. Musimy jednak uwa\u017ca\u0107, by nie wybra\u0107 zbyt dziewcz\u0119cego odcienia. Chcesz by\u0107 <strong>traktowana powa\u017cnie?<\/strong> Wybierz kolor, kt\u00f3ry na t\u0119 powag\u0119 wska\u017ce.<\/span><\/li>\n<\/ul>\n<p>&nbsp;<\/p>\n<p><span style=\"font-weight: 400;\">Na ewentualne pozosta\u0142e okazje, takie jak \u015bluby, urlopy nad morzem czy wyj\u015bcia do klubu, mo\u017cemy pozwoli\u0107 sobie na szale\u0144stwo w kwestii d\u0142ugo\u015bci paznokci, kolor\u00f3w i wzork\u00f3w na nich. Istnieje jednak jeden wyj\u0105tek &#8211; je\u015bli pracujemy zdalnie i nie wychodzimy do biura. W takim wypadku wszystkie opcje s\u0105 dozwolone. Opr\u00f3cz tego nie zapominajmy o <\/span><b>codziennej piel\u0119gnacji<\/b>. O tym, jak obchodzi\u0107 si\u0119 z paznokciami, pisali\u015bmy ju\u017c <a href=\"http:\/\/ranking-kosmetykow.pl\/2017\/02\/27\/5-grzechow-glownych-w-dbaniu-o-paznokcie\/\">TUTAJ<\/a>. Pami\u0119tajmy, \u017ce p<span style=\"font-weight: 400;\">i\u0119kna sk\u00f3ra d\u0142oni i zadbane paznokcie to najlepsza gwarancja zachwytu nad d\u0142o\u0144mi. A zatem \u2013 do dzie\u0142a!<\/span><\/p>\n","protected":false},"excerpt":{"rendered":"<p>Niekt\u00f3rym mo\u017ce si\u0119 to wydawa\u0107 przesad\u0105, jednak to, na jaki kolor i w jaki spos\u00f3b malujemy paznokcie, przekazuje w pewien spos\u00f3b informacje na nasz temat. Istnieje paleta kolor\u00f3w, kt\u00f3re nie mieszcz\u0105 si\u0119 w standardzie \u201edress code\u201d. Jak powinno si\u0119, a jak nie nale\u017cy malowa\u0107 paznokci do pracy?<\/p>\n","protected":false},"author":2,"featured_media":1670,"comment_status":"open","ping_status":"open","sticky":false,"template":"","format":"standard","meta":{"_et_pb_use_builder":"","_et_pb_old_content":"","_et_gb_content_width":"","footnotes":""},"categories":[41],"tags":[],"class_list":["post-1667","post","type-post","status-publish","format-standard","has-post-thumbnail","hentry","category-olsniewaj-makijazem","et-has-post-format-content","et_post_format-et-post-format-standard"],"_links":{"self":[{"href":"https:\/\/neness.pl\/blog\/wp-json\/wp\/v2\/posts\/1667","targetHints":{"allow":["GET"]}}],"collection":[{"href":"https:\/\/neness.pl\/blog\/wp-json\/wp\/v2\/posts"}],"about":[{"href":"https:\/\/neness.pl\/blog\/wp-json\/wp\/v2\/types\/post"}],"author":[{"embeddable":true,"href":"https:\/\/neness.pl\/blog\/wp-json\/wp\/v2\/users\/2"}],"replies":[{"embeddable":true,"href":"https:\/\/neness.pl\/blog\/wp-json\/wp\/v2\/comments?post=1667"}],"version-history":[{"count":0,"href":"https:\/\/neness.pl\/blog\/wp-json\/wp\/v2\/posts\/1667\/revisions"}],"wp:featuredmedia":[{"embeddable":true,"href":"https:\/\/neness.pl\/blog\/wp-json\/wp\/v2\/media\/1670"}],"wp:attachment":[{"href":"https:\/\/neness.pl\/blog\/wp-json\/wp\/v2\/media?parent=1667"}],"wp:term":[{"taxonomy":"category","embeddable":true,"href":"https:\/\/neness.pl\/blog\/wp-json\/wp\/v2\/categories?post=1667"},{"taxonomy":"post_tag","embeddable":true,"href":"https:\/\/neness.pl\/blog\/wp-json\/wp\/v2\/tags?post=1667"}],"curies":[{"name":"wp","href":"https:\/\/api.w.org\/{rel}","templated":true}]}}