{"id":1659,"date":"2017-03-01T12:45:48","date_gmt":"2017-03-01T11:45:48","guid":{"rendered":"http:\/\/ranking-kosmetykow.pl\/?p=1659"},"modified":"2017-03-01T12:45:48","modified_gmt":"2017-03-01T11:45:48","slug":"jak-pielegnowac-dojrzala-skore-twarzy","status":"publish","type":"post","link":"https:\/\/neness.pl\/blog\/jak-pielegnowac-dojrzala-skore-twarzy\/","title":{"rendered":"Jak piel\u0119gnowa\u0107 dojrza\u0142\u0105 sk\u00f3r\u0119 twarzy?"},"content":{"rendered":"<p><span style=\"font-weight: 400;\">Wiele pa\u0144 zapewne to zmartwi, ale sk\u00f3ra dojrza\u0142a okre\u015blenie dla sk\u00f3ry ju\u017c <strong>po 35 roku \u017cycia<\/strong>. Objawy jej starzenia mo\u017cemy zaobserwowa\u0107 jednak ju\u017c wcze\u015bniej. Jak si\u0119 objawia? Mi\u0119dzy innymi zmarszczkami mimicznymi. Zmiany te powoli si\u0119 <strong>utrwalaj\u0105,<\/strong> a rysy twarzy staj\u0105 si\u0119 coraz ostrzejsze. Z czasem p<\/span>odbr\u00f3dek traci j\u0119drno\u015b\u0107, a nask\u00f3rek staje si\u0119 wiotki wskutek odwodnienia sk\u00f3ry<span style=\"font-weight: 400;\">. Bez odpowiedniej piel\u0119gnacji sk\u00f3ry mo\u017cemy niechc\u0105cy <strong>przyspieszy\u0107 ten proces<\/strong>. Sk\u00f3ra w tym wieku potrzebuje bowiem dba\u0142o\u015bci, a co r\u00f3wnie wa\u017cne &#8211; systematyczno\u015bci. Wobec tego postaramy si\u0119 dzi\u015b odpowiedzie\u0107 na pytanie: jak prawid\u0142owo piel\u0119gnowa\u0107 dojrza\u0142\u0105 sk\u00f3r\u0119?<\/span><\/p>\n<p><!--more--><\/p>\n<p><span style=\"font-weight: 400;\">\u00a0<\/span><\/p>\n<h4><b>Na ratunek &#8211; kremy<\/b><\/h4>\n<p><span style=\"font-weight: 400;\">Sk\u00f3ra po 35 roku \u017cycia staje si\u0119\u00a0cienka oraz sucha, a co za tym idzie, potrzebuje\u00a0<\/span><span style=\"font-weight: 400;\">krem\u00f3w<\/span><span style=\"font-weight: 400;\">, kt\u00f3re b\u0119d\u0105 zawiera\u0142y w swym sk\u0142adzie od\u017cywcze substancje. Maj\u0105 one dzia\u0142a\u0107 nawil\u017caj\u0105co oraz przeciwzmarszczkowo. Najcz\u0119\u015bciej maj\u0105 one pochodzenie ro\u015blinne i zawieraj\u0105 <strong>fitohormony,<\/strong> pozyskiwane z soi, <strong>koniczyny<\/strong> albo ry\u017cu. Opr\u00f3cz tego specjali\u015bci zalecaj\u0105 r\u00f3wnie\u017c korzysanie z\u00a0<\/span><b>krem\u00f3w z kwasami owocowymi<\/b><span style=\"font-weight: 400;\">. Pobudzaj\u0105 one sk\u00f3r\u0119 do pracy i \u00a0wytwarzania nowych w\u0142\u00f3kien <strong>kolagenu<\/strong> oraz <strong>elastyny.<\/strong> To pozwala wzmocni\u0107 napi\u0119cie sk\u00f3ry, a jednocze\u015bnie poprawia owal twarzy.<\/span><\/p>\n<p>&nbsp;<\/p>\n<h4><b>Dooko\u0142a oczu\u00a0<\/b><\/h4>\n<p><span style=\"font-weight: 400;\">Niezwykle istotne jest, by zatroszczy\u0107 si\u0119 o <\/span><b>sk\u00f3r\u0119 wok\u00f3\u0142 oczu<\/b>. Niestety, ale po niej najszybciej zauwa\u017cymy oznaki starzenia sk\u00f3ry. Krem\u00a0<span style=\"font-weight: 400;\">pod oczy powinni\u015bmy stosowa\u0107 tak na dzie\u0144, jak i na noc. Wa\u017cne jest tu, by u\u017cywa\u0107 ich regularnie. W sk\u0142adzie takich krem\u00f3w znajdziemy przewa\u017cnie <strong>olejek arganowy<\/strong> lub <strong>migda\u0142owy.<\/strong><\/span><\/p>\n<p>&nbsp;<\/p>\n<div id=\"attachment_1662\" style=\"width: 768px\" class=\"wp-caption aligncenter\"><img loading=\"lazy\" decoding=\"async\" aria-describedby=\"caption-attachment-1662\" class=\"wp-image-1662 \" src=\"http:\/\/ranking-kosmetykow.pl\/wp-content\/uploads\/2017\/03\/starsza-sk\u00f3ra3-1024x683.jpg\" width=\"758\" height=\"505\" \/><p id=\"caption-attachment-1662\" class=\"wp-caption-text\">goodluz, fotolia.com, #137325397<\/p><\/div>\n<p>&nbsp;<\/p>\n<h4><b><\/b><strong>Pomocne kwasy <\/strong><\/h4>\n<p><span style=\"font-weight: 400;\">Preparaty z dodatkiem kwas\u00f3w mo\u017cna przewa\u017cnie kupi\u0107 w aptekach. Ich st\u0119\u017cenie wynosi nawet do 20%. Specjali\u015bci polecaj\u0105, by aplikowa\u0107 je na noc. Warto te\u017c pami\u0119ta\u0107, by unika\u0107 zbyt mocnego nas\u0142oneczniania sk\u00f3ry podczas trwania kuracji. S\u0142o\u0144ce mo\u017ce przynie\u015b\u0107 sk\u00f3rze przebarwienia, a tego na pewno by\u015bmy nie chcia\u0142y. Warto tu wspomnie\u0107, \u017ce w profesjonalnych salonach kosmetycznych mo\u017cemy zrobi\u0107 ca\u0142\u0105 seri\u0119 zabieg\u00f3w <strong>na bazie kwas\u00f3w owocowych<\/strong>. Ich s<\/span><span style=\"font-weight: 400;\">tosowanie jest polecane przede wszystkim w czasie jesienno-zimowym. Aby prawid\u0142owo zadba\u0107 o dojrza\u0142\u0105 sk\u00f3r\u0119, potrzebne jest nam odpowiednie dopasowanie preparat\u00f3w, kt\u00f3re pozwol\u0105 <strong>poprawi\u0107 kondycj\u0119 sk\u00f3ry<\/strong>. To przede wszystkim krem na dzie\u0144 z filtrami, jednak przy jego stosowaniu, dla g\u0142\u0119bszego i mocniejszego dzia\u0142ania poleca si\u0119 aplikacj\u0119 serum o uj\u0119drniaj\u0105cym, napinaj\u0105cym lub nawil\u017caj\u0105cym dzia\u0142aniu. Poza tym warto zastosowa\u0107 te\u017c krem na noc o bogatych w\u0142a\u015bciwo\u015bciach przeciwzmarszczkowych. Polecane jest te\u017c regularne <strong>wykonywanie<\/strong> <strong>peelingu enzymatycznego<\/strong> (dwa razy w tygodniu) oraz nak\u0142adanie maseczki modeluj\u0105cej kontur twarzy, kt\u00f3ra jednocze\u015bnie uj\u0119drni sk\u00f3r\u0119.<\/span><\/p>\n<p>&nbsp;<\/p>\n<div id=\"attachment_1661\" style=\"width: 759px\" class=\"wp-caption aligncenter\"><img loading=\"lazy\" decoding=\"async\" aria-describedby=\"caption-attachment-1661\" class=\"wp-image-1661 \" src=\"http:\/\/ranking-kosmetykow.pl\/wp-content\/uploads\/2017\/03\/starsza-sk\u00f3ra2-1024x680.jpg\" width=\"749\" height=\"498\" \/><p id=\"caption-attachment-1661\" class=\"wp-caption-text\">in_spotlights, fotolia.com, #53026172<\/p><\/div>\n<p><span style=\"font-weight: 400; color: #ffffff;\">a<\/span><\/p>\n<h4><b><\/b><strong>Co jeszcze mo\u017cemy zrobi\u0107?<\/strong><\/h4>\n<p><span style=\"font-weight: 400;\">Poza stosowaniem preparat\u00f3w piel\u0119gnacyjnych, kt\u00f3re pomog\u0105 poprawi\u0107 wygl\u0105d sk\u00f3ry, warto te\u017c pokusi\u0107 si\u0119 o doustn\u0105 suplementacj\u0119 nutrikosmetykami. Zawarte w nich sk\u0142adniki maj\u0105 ca\u0142kowicie naturalne, ro\u015blinne pochodzenie. Poza tym wykazuj\u0105 <strong>w\u0142a\u015bciwo\u015bci uj\u0119drniaj\u0105ce<\/strong> i nawil\u017caj\u0105ce sk\u00f3r\u0119. Dodatkowo pomagaj\u0105 <strong>poprawi\u0107 samopoczucie,<\/strong> przede wszystkim w czasie <\/span><strong>menopauzy<\/strong>.<\/p>\n<p>Sprawd\u017a i przekonaj si\u0119 sama!<\/p>\n","protected":false},"excerpt":{"rendered":"<p>Wiele pa\u0144 zapewne to zmartwi, ale sk\u00f3ra dojrza\u0142a okre\u015blenie dla sk\u00f3ry ju\u017c po 35 roku \u017cycia. Objawy jej starzenia mo\u017cemy zaobserwowa\u0107 jednak ju\u017c wcze\u015bniej. Jak si\u0119 objawia? Mi\u0119dzy innymi zmarszczkami mimicznymi. Zmiany te powoli si\u0119 utrwalaj\u0105, a rysy twarzy staj\u0105 si\u0119 coraz ostrzejsze. Z czasem podbr\u00f3dek traci j\u0119drno\u015b\u0107, a nask\u00f3rek staje si\u0119 wiotki wskutek odwodnienia [&hellip;]<\/p>\n","protected":false},"author":2,"featured_media":1660,"comment_status":"open","ping_status":"open","sticky":false,"template":"","format":"standard","meta":{"_et_pb_use_builder":"","_et_pb_old_content":"","_et_gb_content_width":"","footnotes":""},"categories":[41],"tags":[],"class_list":["post-1659","post","type-post","status-publish","format-standard","has-post-thumbnail","hentry","category-olsniewaj-makijazem","et-has-post-format-content","et_post_format-et-post-format-standard"],"_links":{"self":[{"href":"https:\/\/neness.pl\/blog\/wp-json\/wp\/v2\/posts\/1659","targetHints":{"allow":["GET"]}}],"collection":[{"href":"https:\/\/neness.pl\/blog\/wp-json\/wp\/v2\/posts"}],"about":[{"href":"https:\/\/neness.pl\/blog\/wp-json\/wp\/v2\/types\/post"}],"author":[{"embeddable":true,"href":"https:\/\/neness.pl\/blog\/wp-json\/wp\/v2\/users\/2"}],"replies":[{"embeddable":true,"href":"https:\/\/neness.pl\/blog\/wp-json\/wp\/v2\/comments?post=1659"}],"version-history":[{"count":0,"href":"https:\/\/neness.pl\/blog\/wp-json\/wp\/v2\/posts\/1659\/revisions"}],"wp:featuredmedia":[{"embeddable":true,"href":"https:\/\/neness.pl\/blog\/wp-json\/wp\/v2\/media\/1660"}],"wp:attachment":[{"href":"https:\/\/neness.pl\/blog\/wp-json\/wp\/v2\/media?parent=1659"}],"wp:term":[{"taxonomy":"category","embeddable":true,"href":"https:\/\/neness.pl\/blog\/wp-json\/wp\/v2\/categories?post=1659"},{"taxonomy":"post_tag","embeddable":true,"href":"https:\/\/neness.pl\/blog\/wp-json\/wp\/v2\/tags?post=1659"}],"curies":[{"name":"wp","href":"https:\/\/api.w.org\/{rel}","templated":true}]}}