{"id":1607,"date":"2017-02-24T12:58:36","date_gmt":"2017-02-24T11:58:36","guid":{"rendered":"http:\/\/ranking-kosmetykow.pl\/?p=1607"},"modified":"2017-02-24T12:58:36","modified_gmt":"2017-02-24T11:58:36","slug":"jak-zadbac-o-usta-zima","status":"publish","type":"post","link":"https:\/\/neness.pl\/blog\/jak-zadbac-o-usta-zima\/","title":{"rendered":"Jak zadba\u0107 o usta zim\u0105?"},"content":{"rendered":"<p>Cho\u0107 do wiosny coraz bli\u017cej, to wci\u0105\u017c opatulamy si\u0119 szalami, wci\u0105gamy czapki, a jeszcze w niekt\u00f3re poranki zmuszeni jeste\u015bmy do skrobania szyb. W kieszeniach kobiecych kurtek znajduj\u0105 si\u0119 za to ochronne pomadki, kt\u00f3re pomagaj\u0105 uchroni\u0107 usta przed pop\u0119kaniem. Jakie jeszcze sposoby pozwalaj\u0105 unikn\u0105\u0107 spierzchni\u0119tych, nie\u0142adnie wygl\u0105daj\u0105cych ust? Odpowiadamy!<\/p>\n<p><!--more-->\u00a0<span style=\"color: #ffffff;\">a<\/span><\/p>\n<p>Jak wiadomo, szminka to najcz\u0119stszy \u015brodek do piel\u0119gnacji. Po pierwsze <strong>najwygodniejszy,<\/strong> a po drugie przynosi szybki efekt, gdy czujemy, \u017ce mamy problem z ustami po wyj\u015bciu na mr\u00f3z. Istnieje jednak kilka innych, r\u00f3wnie skutecznych sposob\u00f3w, kt\u00f3re nie tylko <strong>pomagaj\u0105 w nag\u0142ych pop\u0119kaniach<\/strong>, ale te\u017c zapobiegaj\u0105 takim wypadkom.<\/p>\n<h4><span style=\"color: #ffffff;\">\u00a0a<\/span><\/h4>\n<h4>Maseczka z oliwy z oliwek<\/h4>\n<p>Wprawdzie oliwa nie jest mo\u017ce <strong>najsmaczniejsza<\/strong> sama w sobie, ale nie chodzi tu o to, by j\u0105 je\u015b\u0107. Wystarczy na\u0142o\u017cy\u0107 na usta i trzyma\u0107 przez oko\u0142o <strong>kwadrans,<\/strong> bez oblizywania. Oliwa z oliwek <strong>\u015bwietnie nawil\u017cy usta<\/strong> i pomo\u017ce szybko zagoi\u0107\u00a0p\u0119kni\u0119cia.<\/p>\n<p>&nbsp;<\/p>\n<h4>Mi\u00f3d na Twoje&#8230; usta<\/h4>\n<p>Mi\u00f3d, o wiele smaczniejszy od wspomnianej wy\u017cej oliwy, ma <strong>bardzo podobne dzia\u0142anie<\/strong>. Ze wzgl\u0119du na nie jest te\u017c cz\u0119stym sk\u0142adnikiem wielu <strong>balsam\u00f3w do ust<\/strong>. Wystarczy na\u0142o\u017cy\u0107 na usta odrobin\u0119 miodu i chodzi\u0107 z posmarowanymi przed kilka lub kilkana\u015bcie minut. Po tym czasie wystarczy go zje\u015b\u0107! I po zabiegu.<\/p>\n<p>&nbsp;<\/p>\n<div id=\"attachment_1609\" style=\"width: 753px\" class=\"wp-caption aligncenter\"><img loading=\"lazy\" decoding=\"async\" aria-describedby=\"caption-attachment-1609\" class=\"wp-image-1609 \" src=\"http:\/\/ranking-kosmetykow.pl\/wp-content\/uploads\/2017\/02\/usta-zim\u01052-1024x683.jpg\" width=\"743\" height=\"496\" \/><p id=\"caption-attachment-1609\" class=\"wp-caption-text\">bellastudio, fotolia.com, #73011373<\/p><\/div>\n<p>&nbsp;<\/p>\n<h4>Witamina E w du\u017cych ilo\u015bciach<\/h4>\n<p>Nieka\u017cda z Was wie o tym, \u017ce na usta doskonale dzia\u0142a <strong>witamina E<\/strong>. Wystarczy kupi\u0107 j\u0105 w aptece, a nast\u0119pnie smarowa\u0107 usta p\u0142ynem z kapsu\u0142ek (niewielki otw\u00f3r pozwoli na wydobycie w\u0142a\u015bciwej ilo\u015bci). Witamina od\u017cywi usta i pomo\u017ce <strong>zwalczy\u0107 p\u0119kni\u0119cia<\/strong>. Z kolei osoby, kt\u00f3re zmagaj\u0105 si\u0119 z problemem zajad\u00f3w, powinny cz\u0119\u015bciej si\u0119ga\u0107 po produkty <strong>z du\u017c\u0105 zawarto\u015bci\u0105 witaminy A i B2<\/strong>. Pomo\u017ce r\u00f3wnie\u017c \u017celazo. Je\u015bli zatem jeste\u015b mi\u0142o\u015bniczk\u0105 szpinaku, to rewelacyjnie. Je\u015bli nie &#8211; mo\u017ce czas wreszcie si\u0119 do niego przekona\u0107?<\/p>\n<p>&nbsp;<\/p>\n<h4>W ka\u017cdej kobiecej torebce<\/h4>\n<p>Pi\u0119kne usta s\u0105 na wyci\u0105gni\u0119cie r\u0119ki ka\u017cdej z nas. Je\u015bli na co dzie\u0144 <strong>nie masz czasu o nie dba\u0107<\/strong>, przypilnuj chocia\u017c, aby w\u015br\u00f3d mn\u00f3stwa rzeczy w torebce znalaz\u0142a si\u0119 <strong>ochronna pomadka<\/strong> lub balsam do ust. My polecamy ten od NYX.<\/p>\n<p>&nbsp;<\/p>\n<div id=\"attachment_1610\" style=\"width: 393px\" class=\"wp-caption aligncenter\"><a href=\"https:\/\/neness.pl\/kosmetyki\/usta\/balsamy_i_maselka\/nyx_color_lip_balm_kolorowy_balsam_clb01_merci.html\" target=\"_blank\" rel=\"noopener\"><img loading=\"lazy\" decoding=\"async\" aria-describedby=\"caption-attachment-1610\" class=\"wp-image-1610 \" src=\"http:\/\/ranking-kosmetykow.pl\/wp-content\/uploads\/2017\/02\/balsam-do-ust-e1487936981468.jpg\" width=\"383\" height=\"547\" srcset=\"https:\/\/neness.pl\/blog\/wp-content\/uploads\/2017\/02\/balsam-do-ust-e1487936981468.jpg 480w, https:\/\/neness.pl\/blog\/wp-content\/uploads\/2017\/02\/balsam-do-ust-e1487936981468-210x300.jpg 210w\" sizes=\"auto, (max-width: 383px) 100vw, 383px\" \/><\/a><p id=\"caption-attachment-1610\" class=\"wp-caption-text\">NYX Color Lip Balm Kolorowy balsam CLB01 Merci \/ 14,50 z\u0142<\/p><\/div>\n<p>&nbsp;<\/p>\n<p>Odwied\u017a koniecznie <a href=\"http:\/\/neness.pl\">neness.pl<\/a> i zobacz, co dla Ciebie przygotowali\u015bmy!<\/p>\n","protected":false},"excerpt":{"rendered":"<p>Cho\u0107 do wiosny coraz bli\u017cej, to wci\u0105\u017c opatulamy si\u0119 szalami, wci\u0105gamy czapki, a jeszcze w niekt\u00f3re poranki zmuszeni jeste\u015bmy do skrobania szyb. W kieszeniach kobiecych kurtek znajduj\u0105 si\u0119 za to ochronne pomadki, kt\u00f3re pomagaj\u0105 uchroni\u0107 usta przed pop\u0119kaniem. Jakie jeszcze sposoby pozwalaj\u0105 unikn\u0105\u0107 spierzchni\u0119tych, nie\u0142adnie wygl\u0105daj\u0105cych ust? Odpowiadamy!<\/p>\n","protected":false},"author":2,"featured_media":1608,"comment_status":"open","ping_status":"open","sticky":false,"template":"","format":"standard","meta":{"_et_pb_use_builder":"","_et_pb_old_content":"","_et_gb_content_width":"","footnotes":""},"categories":[41],"tags":[],"class_list":["post-1607","post","type-post","status-publish","format-standard","has-post-thumbnail","hentry","category-olsniewaj-makijazem","et-has-post-format-content","et_post_format-et-post-format-standard"],"_links":{"self":[{"href":"https:\/\/neness.pl\/blog\/wp-json\/wp\/v2\/posts\/1607","targetHints":{"allow":["GET"]}}],"collection":[{"href":"https:\/\/neness.pl\/blog\/wp-json\/wp\/v2\/posts"}],"about":[{"href":"https:\/\/neness.pl\/blog\/wp-json\/wp\/v2\/types\/post"}],"author":[{"embeddable":true,"href":"https:\/\/neness.pl\/blog\/wp-json\/wp\/v2\/users\/2"}],"replies":[{"embeddable":true,"href":"https:\/\/neness.pl\/blog\/wp-json\/wp\/v2\/comments?post=1607"}],"version-history":[{"count":0,"href":"https:\/\/neness.pl\/blog\/wp-json\/wp\/v2\/posts\/1607\/revisions"}],"wp:featuredmedia":[{"embeddable":true,"href":"https:\/\/neness.pl\/blog\/wp-json\/wp\/v2\/media\/1608"}],"wp:attachment":[{"href":"https:\/\/neness.pl\/blog\/wp-json\/wp\/v2\/media?parent=1607"}],"wp:term":[{"taxonomy":"category","embeddable":true,"href":"https:\/\/neness.pl\/blog\/wp-json\/wp\/v2\/categories?post=1607"},{"taxonomy":"post_tag","embeddable":true,"href":"https:\/\/neness.pl\/blog\/wp-json\/wp\/v2\/tags?post=1607"}],"curies":[{"name":"wp","href":"https:\/\/api.w.org\/{rel}","templated":true}]}}