{"id":1596,"date":"2017-02-23T15:46:49","date_gmt":"2017-02-23T14:46:49","guid":{"rendered":"http:\/\/ranking-kosmetykow.pl\/?p=1596"},"modified":"2017-02-23T15:46:49","modified_gmt":"2017-02-23T14:46:49","slug":"ombre-brunetki-w-kolorze-blond","status":"publish","type":"post","link":"https:\/\/neness.pl\/blog\/ombre-brunetki-w-kolorze-blond\/","title":{"rendered":"Ombre &#8211; brunetki w kolorze blond"},"content":{"rendered":"<p>Trend, kt\u00f3ry nie przemija. Moda na w\u0142osy <strong>w dw\u00f3ch kolorach naraz<\/strong>. Czarne u nasady, blond na dole. Koloryzacja ombre. Czego jeszcze o niej nie wiesz?<\/p>\n<p><!--more--><\/p>\n<p><span style=\"color: #ffffff;\">a<\/span><\/p>\n<p>Na pocz\u0105tek rozwiejmy w\u0105tpliwo\u015bci. Ombre to nie to samo co popularne ostatnimi czasy sombre.\u00a0Ombre jest\u00a0p\u0142ynnym, ale jednak surowym przej\u015bciem od ciemnej barwy u nasady w\u0142os\u00f3w, do jasnych ko\u0144c\u00f3wek. Pozwala na dok\u0142adne <strong>rozdzielenie ciemniejszej cz\u0119\u015bci od jasnej<\/strong>. Sombre jest za to <strong>delikatniejsz\u0105 wersj\u0105 ombre<\/strong> &#8211; tutaj koloryzuje si\u0119 tylko poszczeg\u00f3lne pasma w\u0142os\u00f3w. Zaczyna si\u0119 ju\u017c kilka centymetr\u00f3w <strong>poni\u017cej nasady<\/strong>, niekt\u00f3re wy\u017cej, inne ni\u017cej. Jedne grubsze, drugie cie\u0144sze. Sombre to <strong>pasemka<\/strong>, kt\u00f3re s\u0105 rozja\u015bnieniem ca\u0142ej fryzury.<\/p>\n<p><span style=\"color: #ffffff;\">a<\/span><\/p>\n<h4>Nie tylko w\u0142osy d\u0142ugie<\/h4>\n<p>Je\u015bli dobrze dobierzemy kolory i stonujemy przej\u015bcia, mo\u017cemy mie\u0107 pewno\u015b\u0107, \u017ce <strong>nawet kr\u00f3tkie w\u0142osy<\/strong> b\u0119d\u0105 dobrze wygl\u0105da\u0142y w dwukolorowej wersji. Nie nale\u017cy trzyma\u0107 si\u0119 przekonania, \u017ce ombre to jedynie rozwi\u0105zanie dla w\u0142os\u00f3w po pas &#8211; <strong>kr\u00f3tkie alternatywy okazuj\u0105 si\u0119 r\u00f3wnie efektowne<\/strong>.<\/p>\n<h4><span style=\"color: #ffffff;\">\u00a0a<\/span><\/h4>\n<h4>Dobierz odpowiedni odcie\u0144<\/h4>\n<p>Ka\u017cda kobieta ma sw\u00f3j typ urody &#8211; ciep\u0142y lub ch\u0142odny. Dla typu ciep\u0142ego poleca si\u0119 br\u0105z w kolorze mlecznej czekolady, dla typu ch\u0142odnego &#8211; gorzkiej. Chodzi o niewielk\u0105, acz kluczow\u0105 r\u00f3\u017cnic\u0119 w barwie. Przy zimnym typie dobrze wygl\u0105daj\u0105 szaro\u015bci, siwe, <strong>go\u0142\u0119bie odcienie<\/strong>, a\u017c po najja\u015bniejsze blondy. Za to przy urodzie ciep\u0142ej du\u017co lepiej wygl\u0105daj\u0105 odcienie s\u0142oneczne &#8211; blondy o kolorze wrze\u015bniowego s\u0142o\u0144ca,<strong> pomara\u0144czowe pasma<\/strong>, rudo\u015bci. Przy niew\u0142a\u015bciwie dobranym tonie, najlepiej wykonane ombre mo\u017ce wygl\u0105da\u0107 po prostu&#8230; \u017ale.<\/p>\n<p><span style=\"color: #ffffff;\">a<\/span><\/p>\n<div id=\"attachment_1602\" style=\"width: 876px\" class=\"wp-caption aligncenter\"><img loading=\"lazy\" decoding=\"async\" aria-describedby=\"caption-attachment-1602\" class=\"wp-image-1602 \" src=\"http:\/\/ranking-kosmetykow.pl\/wp-content\/uploads\/2017\/02\/ombre3-1024x682.jpg\" width=\"866\" height=\"577\" srcset=\"https:\/\/neness.pl\/blog\/wp-content\/uploads\/2017\/02\/ombre3-1024x682.jpg 1024w, https:\/\/neness.pl\/blog\/wp-content\/uploads\/2017\/02\/ombre3-300x200.jpg 300w, https:\/\/neness.pl\/blog\/wp-content\/uploads\/2017\/02\/ombre3-768x511.jpg 768w, https:\/\/neness.pl\/blog\/wp-content\/uploads\/2017\/02\/ombre3-1080x719.jpg 1080w, https:\/\/neness.pl\/blog\/wp-content\/uploads\/2017\/02\/ombre3-610x406.jpg 610w, https:\/\/neness.pl\/blog\/wp-content\/uploads\/2017\/02\/ombre3.jpg 1200w\" sizes=\"auto, (max-width: 866px) 100vw, 866px\" \/><p id=\"caption-attachment-1602\" class=\"wp-caption-text\">gal2007, fotolia.com, #116282041<\/p><\/div>\n<h4><span style=\"color: #ffffff;\">\u00a0a<\/span><\/h4>\n<h4>Ombre pe\u0142ne koloru<\/h4>\n<p>To, \u017ce ombre jest po\u0142\u0105czeniem dw\u00f3ch barw na w\u0142osach, nie jest niczym zaskakuj\u0105cym. Kto jednak powiedzia\u0142, \u017ce musi by\u0107 to przej\u015bcie z br\u0105zu do blondu? Cho\u0107 to wprawdzie najcz\u0119stsze rozwi\u0105zanie, to wiele, zw\u0142aszcza <strong>m\u0142odych kobiet<\/strong>, wybiera wersj\u0119 kolorow\u0105. \u0141\u0105cz\u0105 b\u0142\u0119kit z zieleni\u0105,<strong> r\u00f3\u017c z fioletem<\/strong> czy czerwie\u0144 z szaro\u015bci\u0105. Wszystkie chwyty dozwolone!<\/p>\n<p><span style=\"color: #ffffff;\">a<\/span><\/p>\n<div id=\"attachment_1603\" style=\"width: 879px\" class=\"wp-caption aligncenter\"><img loading=\"lazy\" decoding=\"async\" aria-describedby=\"caption-attachment-1603\" class=\"wp-image-1603 \" src=\"http:\/\/ranking-kosmetykow.pl\/wp-content\/uploads\/2017\/02\/kolorowe-ombre-1024x601.jpg\" width=\"869\" height=\"510\" srcset=\"https:\/\/neness.pl\/blog\/wp-content\/uploads\/2017\/02\/kolorowe-ombre-1024x601.jpg 1024w, https:\/\/neness.pl\/blog\/wp-content\/uploads\/2017\/02\/kolorowe-ombre-300x176.jpg 300w, https:\/\/neness.pl\/blog\/wp-content\/uploads\/2017\/02\/kolorowe-ombre-768x451.jpg 768w, https:\/\/neness.pl\/blog\/wp-content\/uploads\/2017\/02\/kolorowe-ombre-1080x634.jpg 1080w, https:\/\/neness.pl\/blog\/wp-content\/uploads\/2017\/02\/kolorowe-ombre-610x358.jpg 610w, https:\/\/neness.pl\/blog\/wp-content\/uploads\/2017\/02\/kolorowe-ombre.jpg 1200w\" sizes=\"auto, (max-width: 869px) 100vw, 869px\" \/><p id=\"caption-attachment-1603\" class=\"wp-caption-text\">deniskomarov, fotolia.com, #116985406<\/p><\/div>\n<p><span style=\"color: #ffffff;\">a<\/span><\/p>\n<p>Je\u015bli jeszcze si\u0119 zastanawiasz, my podpowiadamy &#8211; nie zwlekaj! Idzie wiosna, a wraz z ni\u0105 ch\u0119ci zmian. <strong>Fryzura ombre<\/strong> doda Twoim w\u0142osom lekko\u015bci, swobody i m\u0142odzie\u0144czo\u015bci. Chcesz wygl\u0105da\u0107 \u015bwie\u017co, a co wa\u017cniejsze &#8211; modnie? Nie czekaj! A je\u015bli martwisz si\u0119 o kondycj\u0119 swoich w\u0142os\u00f3w, koniecznie <strong>zajrzyj do naszego sklepu<\/strong>. Znajdziesz tam m.in.\u00a0<a href=\"https:\/\/neness.pl\/kosmetyki\/wlosy\/odzywki\/kallos_balsam_do_wlosow_pro-tox_hair_bomb.html\">balsam do w\u0142os\u00f3w\u00a0Pro-Tox Hair Bomb<\/a> marki Kallos. Odwied\u017a\u00a0<a href=\"http:\/\/www.neness.pl\">neness.pl<\/a>\u00a0i postaw na nowe trendy!<\/p>\n","protected":false},"excerpt":{"rendered":"<p>Trend, kt\u00f3ry nie przemija. Moda na w\u0142osy w dw\u00f3ch kolorach naraz. Czarne u nasady, blond na dole. Koloryzacja ombre. Czego jeszcze o niej nie wiesz?<\/p>\n","protected":false},"author":2,"featured_media":1601,"comment_status":"open","ping_status":"open","sticky":false,"template":"","format":"standard","meta":{"_et_pb_use_builder":"","_et_pb_old_content":"","_et_gb_content_width":"","footnotes":""},"categories":[6,48],"tags":[],"class_list":["post-1596","post","type-post","status-publish","format-standard","has-post-thumbnail","hentry","category-trendy","category-wlosy-idealne","et-has-post-format-content","et_post_format-et-post-format-standard"],"_links":{"self":[{"href":"https:\/\/neness.pl\/blog\/wp-json\/wp\/v2\/posts\/1596","targetHints":{"allow":["GET"]}}],"collection":[{"href":"https:\/\/neness.pl\/blog\/wp-json\/wp\/v2\/posts"}],"about":[{"href":"https:\/\/neness.pl\/blog\/wp-json\/wp\/v2\/types\/post"}],"author":[{"embeddable":true,"href":"https:\/\/neness.pl\/blog\/wp-json\/wp\/v2\/users\/2"}],"replies":[{"embeddable":true,"href":"https:\/\/neness.pl\/blog\/wp-json\/wp\/v2\/comments?post=1596"}],"version-history":[{"count":0,"href":"https:\/\/neness.pl\/blog\/wp-json\/wp\/v2\/posts\/1596\/revisions"}],"wp:featuredmedia":[{"embeddable":true,"href":"https:\/\/neness.pl\/blog\/wp-json\/wp\/v2\/media\/1601"}],"wp:attachment":[{"href":"https:\/\/neness.pl\/blog\/wp-json\/wp\/v2\/media?parent=1596"}],"wp:term":[{"taxonomy":"category","embeddable":true,"href":"https:\/\/neness.pl\/blog\/wp-json\/wp\/v2\/categories?post=1596"},{"taxonomy":"post_tag","embeddable":true,"href":"https:\/\/neness.pl\/blog\/wp-json\/wp\/v2\/tags?post=1596"}],"curies":[{"name":"wp","href":"https:\/\/api.w.org\/{rel}","templated":true}]}}