{"id":1584,"date":"2017-02-21T11:56:30","date_gmt":"2017-02-21T10:56:30","guid":{"rendered":"http:\/\/ranking-kosmetykow.pl\/?p=1584"},"modified":"2017-02-21T11:56:30","modified_gmt":"2017-02-21T10:56:30","slug":"dobieramy-podklad-do-jasnej-cery","status":"publish","type":"post","link":"https:\/\/neness.pl\/blog\/dobieramy-podklad-do-jasnej-cery\/","title":{"rendered":"Dobieramy podk\u0142ad do jasnej cery"},"content":{"rendered":"<p>Dob\u00f3r w\u0142a\u015bciwego podk\u0142adu to nie lada zadanie. I w zasadzie za ka\u017cdym razem, gdy ko\u0144czymy jedno opakowanie, przychodzi nam od nowa <strong>dopasowa\u0107 odcie\u0144<\/strong> &#8211; a to opalili\u015bmy si\u0119 na wakacjach, a to stali\u015bmy si\u0119 bladsi zim\u0105, a to przesuszyli\u015bmy sk\u00f3r\u0119, to zn\u00f3w sta\u0142a si\u0119 za t\u0142usta. Problem\u00f3w jest z ni\u0105 co niemiara, st\u0105d dzisiejszy temat &#8211; jak dobra\u0107 <strong>podk\u0142ad do jasnej cery<\/strong>?<\/p>\n<p><!--more--><\/p>\n<p>&nbsp;<\/p>\n<h4>Si\u0119gnij po pr\u00f3bki!<\/h4>\n<p>Je\u015bli od d\u0142u\u017cszego czasu masz problem z dobraniem podk\u0142adu, zanim kupisz ca\u0142\u0105 <strong>butelk\u0119<\/strong> czy tubk\u0119, postaraj si\u0119 o saszetk\u0119 z pr\u00f3bk\u0105. Nawet je\u015bli w drogerii b\u0119dziesz przekonana, \u017ce na pewno dopasowa\u0142a\u015b<strong> idealny odcie\u0144<\/strong>, w naturalnym \u015bwietle mo\u017ce on okaza\u0107 si\u0119 nie tak dobry, jak si\u0119 wydawa\u0142o. Dopiero je\u015bli po kilkukrotnym u\u017cyciu <strong>stwierdzisz, \u017ce to ten podk\u0142ad<\/strong>, mo\u017cesz \u015bmia\u0142o kupowa\u0107!<\/p>\n<h4><span style=\"color: #ffffff;\">\u00a0a<\/span><\/h4>\n<h4>Linia \u017cuchwy najwa\u017cniejsza<\/h4>\n<p>Nie mo\u017cesz dopasowa\u0107 koloru podk\u0142adu? Wydaje Ci si\u0119, \u017ce znalaz\u0142a\u015b ju\u017c odpowiedni odcie\u0144, po czym okazuje si\u0119, \u017ce i tak jest<strong> za ciemny<\/strong>? Szukaj\u0105c fluidu dla siebie, nie zapomnij, aby na\u0142o\u017cy\u0107 go przy linii \u017cuchwy &#8211; to pozwoli stwierdzi\u0107, \u017ce odcie\u0144 sk\u00f3ry <strong>nie b\u0119dzie kontrastowa\u0142 z podk\u0142adem<\/strong>.<\/p>\n<p><span style=\"color: #ffffff;\">a<\/span><\/p>\n<div id=\"attachment_1586\" style=\"width: 768px\" class=\"wp-caption aligncenter\"><img loading=\"lazy\" decoding=\"async\" aria-describedby=\"caption-attachment-1586\" class=\"wp-image-1586 \" src=\"http:\/\/ranking-kosmetykow.pl\/wp-content\/uploads\/2017\/02\/jasny-podklad2-1024x819.jpg\" width=\"758\" height=\"606\" srcset=\"https:\/\/neness.pl\/blog\/wp-content\/uploads\/2017\/02\/jasny-podklad2-1024x819.jpg 1024w, https:\/\/neness.pl\/blog\/wp-content\/uploads\/2017\/02\/jasny-podklad2-300x240.jpg 300w, https:\/\/neness.pl\/blog\/wp-content\/uploads\/2017\/02\/jasny-podklad2-768x614.jpg 768w, https:\/\/neness.pl\/blog\/wp-content\/uploads\/2017\/02\/jasny-podklad2-1080x864.jpg 1080w, https:\/\/neness.pl\/blog\/wp-content\/uploads\/2017\/02\/jasny-podklad2-610x488.jpg 610w, https:\/\/neness.pl\/blog\/wp-content\/uploads\/2017\/02\/jasny-podklad2.jpg 1200w\" sizes=\"auto, (max-width: 758px) 100vw, 758px\" \/><p id=\"caption-attachment-1586\" class=\"wp-caption-text\">JAYANNPO, fotolia.com, #130961872<\/p><\/div>\n<h4><span style=\"color: #ffffff;\">a<\/span><\/h4>\n<h4>Odrobin\u0119 ja\u015bniejszy<\/h4>\n<p>Masz jasn\u0105 cer\u0119, ale okazuje si\u0119, \u017ce znalaz\u0142a\u015b podk\u0142ad jeszcze ja\u015bniejszy ni\u017c Twoja sk\u00f3ra? To <strong>dobry trop<\/strong>! W ci\u0105gu dnia podk\u0142ad prawdopodobnie si\u0119 utleni i stanie si\u0119 ciemniejszy. Warto wi\u0119c si\u0119gn\u0105\u0107 po nieco ja\u015bniejszy ton fluidu, a mo\u017cliwe, \u017ce w\u0142a\u015bnie wtedy oka\u017ce si\u0119 on idealny! Je\u015bli jednak oka\u017ce si\u0119 <strong>odrobin\u0119 za jasny<\/strong>, wyr\u00f3wnasz go r\u00f3\u017cem czy br\u0105zuj\u0105cym pudrem.<\/p>\n<p><span style=\"color: #ffffff;\">a<\/span><\/p>\n<h4>Mieszaj odcienie<\/h4>\n<p>Je\u015bli <strong>nie mo\u017cesz znale\u017a\u0107 idealnego dla siebie podk\u0142adu<\/strong>, mo\u017cesz spr\u00f3bowa\u0107 sama skonstruowa\u0107 w\u0142asny ton. <strong>Zmieszaj te podk\u0142ady<\/strong>, kt\u00f3rych u\u017cywasz &#8211; i te ja\u015bniejsze, i te ciemniejsze. W ten spos\u00f3b uzyskasz <strong>idealny odcie\u0144<\/strong>!<\/p>\n<p><span style=\"color: #ffffff;\">a<\/span><\/p>\n<div id=\"attachment_1587\" style=\"width: 781px\" class=\"wp-caption aligncenter\"><img loading=\"lazy\" decoding=\"async\" aria-describedby=\"caption-attachment-1587\" class=\"wp-image-1587 \" src=\"http:\/\/ranking-kosmetykow.pl\/wp-content\/uploads\/2017\/02\/podklad-jasny-1024x683.jpg\" width=\"771\" height=\"514\" srcset=\"https:\/\/neness.pl\/blog\/wp-content\/uploads\/2017\/02\/podklad-jasny-1024x683.jpg 1024w, https:\/\/neness.pl\/blog\/wp-content\/uploads\/2017\/02\/podklad-jasny-300x200.jpg 300w, https:\/\/neness.pl\/blog\/wp-content\/uploads\/2017\/02\/podklad-jasny-768x512.jpg 768w, https:\/\/neness.pl\/blog\/wp-content\/uploads\/2017\/02\/podklad-jasny-1080x720.jpg 1080w, https:\/\/neness.pl\/blog\/wp-content\/uploads\/2017\/02\/podklad-jasny-610x407.jpg 610w, https:\/\/neness.pl\/blog\/wp-content\/uploads\/2017\/02\/podklad-jasny.jpg 1200w\" sizes=\"auto, (max-width: 771px) 100vw, 771px\" \/><p id=\"caption-attachment-1587\" class=\"wp-caption-text\">nizas, fotolia.com, #101155012<\/p><\/div>\n<p><span style=\"color: #ffffff;\">a<\/span><\/p>\n<p>Szukasz podk\u0142adu doskona\u0142ego? Koniecznie <strong>zajrzyj do naszej sekcji z kosmetykami<\/strong> na <a href=\"https:\/\/neness.pl\/\">neness.pl<\/a>!<\/p>\n","protected":false},"excerpt":{"rendered":"<p>Dob\u00f3r w\u0142a\u015bciwego podk\u0142adu to nie lada zadanie. I w zasadzie za ka\u017cdym razem, gdy ko\u0144czymy jedno opakowanie, przychodzi nam od nowa dopasowa\u0107 odcie\u0144 &#8211; a to opalili\u015bmy si\u0119 na wakacjach, a to stali\u015bmy si\u0119 bladsi zim\u0105, a to przesuszyli\u015bmy sk\u00f3r\u0119, to zn\u00f3w sta\u0142a si\u0119 za t\u0142usta. Problem\u00f3w jest z ni\u0105 co niemiara, st\u0105d dzisiejszy temat [&hellip;]<\/p>\n","protected":false},"author":2,"featured_media":1585,"comment_status":"open","ping_status":"open","sticky":false,"template":"","format":"standard","meta":{"_et_pb_use_builder":"","_et_pb_old_content":"","_et_gb_content_width":"","footnotes":""},"categories":[41],"tags":[],"class_list":["post-1584","post","type-post","status-publish","format-standard","has-post-thumbnail","hentry","category-olsniewaj-makijazem","et-has-post-format-content","et_post_format-et-post-format-standard"],"_links":{"self":[{"href":"https:\/\/neness.pl\/blog\/wp-json\/wp\/v2\/posts\/1584","targetHints":{"allow":["GET"]}}],"collection":[{"href":"https:\/\/neness.pl\/blog\/wp-json\/wp\/v2\/posts"}],"about":[{"href":"https:\/\/neness.pl\/blog\/wp-json\/wp\/v2\/types\/post"}],"author":[{"embeddable":true,"href":"https:\/\/neness.pl\/blog\/wp-json\/wp\/v2\/users\/2"}],"replies":[{"embeddable":true,"href":"https:\/\/neness.pl\/blog\/wp-json\/wp\/v2\/comments?post=1584"}],"version-history":[{"count":0,"href":"https:\/\/neness.pl\/blog\/wp-json\/wp\/v2\/posts\/1584\/revisions"}],"wp:featuredmedia":[{"embeddable":true,"href":"https:\/\/neness.pl\/blog\/wp-json\/wp\/v2\/media\/1585"}],"wp:attachment":[{"href":"https:\/\/neness.pl\/blog\/wp-json\/wp\/v2\/media?parent=1584"}],"wp:term":[{"taxonomy":"category","embeddable":true,"href":"https:\/\/neness.pl\/blog\/wp-json\/wp\/v2\/categories?post=1584"},{"taxonomy":"post_tag","embeddable":true,"href":"https:\/\/neness.pl\/blog\/wp-json\/wp\/v2\/tags?post=1584"}],"curies":[{"name":"wp","href":"https:\/\/api.w.org\/{rel}","templated":true}]}}