{"id":1566,"date":"2017-02-15T12:09:15","date_gmt":"2017-02-15T11:09:15","guid":{"rendered":"http:\/\/ranking-kosmetykow.pl\/?p=1566"},"modified":"2017-02-15T12:09:15","modified_gmt":"2017-02-15T11:09:15","slug":"trendy-w-manicure-na-2017-rok","status":"publish","type":"post","link":"https:\/\/neness.pl\/blog\/trendy-w-manicure-na-2017-rok\/","title":{"rendered":"Trendy w manicure na 2017 rok"},"content":{"rendered":"<p>G\u0142adki czy wzorzysty? B\u0142yszcz\u0105cy czy matowy? Wielobarwny czy jednokolorowy? Jaki jest <strong>tegoroczny manicure?<\/strong> Dzi\u015b chcemy przyjrze\u0107 si\u0119 trendom na 2017 rok &#8211; warto wiedzie\u0107, co czeka nas w kolejnych miesi\u0105cach. Czy <strong>zaszalejemy z paznokciami?<\/strong> Odpowied\u017a znajdziecie poni\u017cej!<\/p>\n<p><!--more--><\/p>\n<p>&nbsp;<\/p>\n<p>Mimo \u017ce 2017 rok rozpocz\u0105\u0142 si\u0119 niedawno, ju\u017c mo\u017cemy zaobserwowa\u0107 pewne pojawiaj\u0105ce si\u0119 trendy, a co za tym idzie, przewidzie\u0107, co b\u0119dzie modne w kolejnych miesi\u0105cach. Coraz wi\u0119kszymi krokami <strong>zbli\u017ca si\u0119 do nas wiosna<\/strong>, a wraz z ni\u0105 kolory, kwiaty, s\u0142o\u0144ce. Co wnios\u0105 do \u015bwiata paznokci?<\/p>\n<p>&nbsp;<\/p>\n<h4 class=\"western\"><span style=\"color: #333333;\"><span style=\"font-family: Georgia, 'Times New Roman', 'Bitstream Charter', Times, serif;\"><span style=\"font-size: medium;\">Kolorowy french manicure<\/span><\/span><\/span><\/h4>\n<p><span style=\"color: #333333;\"><span style=\"font-family: Georgia, 'Times New Roman', 'Bitstream Charter', Times, serif;\"><span style=\"font-size: medium;\">Niekt\u00f3re z Was powiedz\u0105, \u017ce je\u015bli<strong> manicure francuski<\/strong>, to tylko w klasycznej wersji. Je\u015bli manicure kolorowy &#8211; to owszem, ale nie w wersji french. A tegoroczny trend zak\u0142ada, \u017ce nie ma tu \u017cadnych ogarnicze\u0144 &#8211; mo\u017cemy pobawi\u0107 si\u0119 konwencj\u0105. Zatem mo\u017cna \u0142\u0105czy\u0107 ze sob\u0105 wszystkie kolory &#8211; cz\u0119\u015b\u0107, kt\u00f3r\u0105 zwykle malujemy na bia\u0142o pokry\u0107\u00a0jednym lakierem, a warstw\u0119 r\u00f3\u017cow\u0105 lakierem drugim &#8211; byle nie bia\u0142ym ani r\u00f3\u017cowym. Ca\u0142a d\u0142o\u0144 mo\u017ce by\u0107 <strong>pokryta tylko dwoma kolorami<\/strong> lub ka\u017cdy paznokie\u0107 mo\u017ce mie\u0107 inn\u0105 wersj\u0119 kolorystyczn\u0105. Wa\u017cne jest jedno &#8211; aby prze\u0142ama\u0107 frenchowy stereotyp!<\/span><\/span><\/span><\/p>\n<p>&nbsp;<\/p>\n<div id=\"attachment_1572\" style=\"width: 712px\" class=\"wp-caption aligncenter\"><img loading=\"lazy\" decoding=\"async\" aria-describedby=\"caption-attachment-1572\" class=\"wp-image-1572 \" src=\"http:\/\/ranking-kosmetykow.pl\/wp-content\/uploads\/2017\/02\/trendy-3-1024x683.jpg\" width=\"702\" height=\"469\" srcset=\"https:\/\/neness.pl\/blog\/wp-content\/uploads\/2017\/02\/trendy-3-1024x683.jpg 1024w, https:\/\/neness.pl\/blog\/wp-content\/uploads\/2017\/02\/trendy-3-300x200.jpg 300w, https:\/\/neness.pl\/blog\/wp-content\/uploads\/2017\/02\/trendy-3-768x512.jpg 768w, https:\/\/neness.pl\/blog\/wp-content\/uploads\/2017\/02\/trendy-3-1080x720.jpg 1080w, https:\/\/neness.pl\/blog\/wp-content\/uploads\/2017\/02\/trendy-3-610x407.jpg 610w, https:\/\/neness.pl\/blog\/wp-content\/uploads\/2017\/02\/trendy-3.jpg 1200w\" sizes=\"auto, (max-width: 702px) 100vw, 702px\" \/><p id=\"caption-attachment-1572\" class=\"wp-caption-text\">marigo, fotolia.com, #95028395<\/p><\/div>\n<p>&nbsp;<\/p>\n<h4 class=\"western\"><span style=\"color: #333333;\"><span style=\"font-family: Georgia, 'Times New Roman', 'Bitstream Charter', Times, serif;\"><span style=\"font-size: medium;\">Ombre w ka\u017cdej ods\u0142onie<\/span><\/span><\/span><\/h4>\n<p><span style=\"color: #333333;\"><span style=\"font-family: Georgia, 'Times New Roman', 'Bitstream Charter', Times, serif;\"><span style=\"font-size: medium;\">Ombre kr\u00f3luje nie tylko na w\u0142osach &#8211; to tak\u017ce<strong> hit w manicure<\/strong>. Cieniowane paznokcie s\u0105 modne w ka\u017cdej wersji &#8211; gdy kolory przechodz\u0105 mi\u0119dzy sob\u0105 p\u0142ynnie lub kiedy ich odcie\u0144 zmienia si\u0119 stopniowo, co widoczne jest <strong>na geometrycznych wzorach<\/strong>. Wiele pa\u0144 zachwyca si\u0119 te\u017c efektem\u00a0<\/span><\/span><\/span><strong><span style=\"color: #333333;\"><span style=\"font-family: Georgia, 'Times New Roman', 'Bitstream Charter', Times, serif;\"><span style=\"font-size: medium;\"><b>baby boomer<\/b><\/span><\/span><\/span><\/strong><span style=\"color: #333333;\"><span style=\"font-family: Georgia, 'Times New Roman', 'Bitstream Charter', Times, serif;\"><span style=\"font-size: medium;\">\u00a0na paznokciach, czyli ombre wykonanym na bazie klasycznego francuskiego manicure. Pi\u0119knie wygl\u0105da zar\u00f3wno w wersji b\u0142yszcz\u0105cej, jak i matowej.\u00a0<\/span><\/span><\/span><\/p>\n<p>&nbsp;<\/p>\n<div id=\"attachment_1569\" style=\"width: 727px\" class=\"wp-caption aligncenter\"><img loading=\"lazy\" decoding=\"async\" aria-describedby=\"caption-attachment-1569\" class=\"wp-image-1569 \" src=\"http:\/\/ranking-kosmetykow.pl\/wp-content\/uploads\/2017\/02\/trendy-2-1024x681.jpg\" width=\"717\" height=\"477\" srcset=\"https:\/\/neness.pl\/blog\/wp-content\/uploads\/2017\/02\/trendy-2-1024x681.jpg 1024w, https:\/\/neness.pl\/blog\/wp-content\/uploads\/2017\/02\/trendy-2-300x200.jpg 300w, https:\/\/neness.pl\/blog\/wp-content\/uploads\/2017\/02\/trendy-2-768x511.jpg 768w, https:\/\/neness.pl\/blog\/wp-content\/uploads\/2017\/02\/trendy-2-1080x718.jpg 1080w, https:\/\/neness.pl\/blog\/wp-content\/uploads\/2017\/02\/trendy-2-610x406.jpg 610w, https:\/\/neness.pl\/blog\/wp-content\/uploads\/2017\/02\/trendy-2.jpg 1200w\" sizes=\"auto, (max-width: 717px) 100vw, 717px\" \/><p id=\"caption-attachment-1569\" class=\"wp-caption-text\">maryviolet, fotolia.com, #118866186<\/p><\/div>\n<p>&nbsp;<\/p>\n<h4>Per\u0142owe kolory<\/h4>\n<p>Jeszcze do niedawna uchodzi\u0142y za ca\u0142kowity prze\u017cytek i \u017cadna kobieta nie chcia\u0142a na nie patrze\u0107. Dzi\u015b wracaj\u0105 do \u0142ask &#8211; <strong>per\u0142owe lakiery.<\/strong> Tu kr\u00f3luj\u0105 wszelkie odcienie bieli, ale mo\u017cna spotka\u0107 te\u017c per\u0142owe r\u00f3\u017ce, fiolety czy inne <strong>pastelowe kolory.<\/strong> Dla odwa\u017cnych, kt\u00f3re lubi\u0105 wychodzi\u0107 naprzeciw nowym (starym) trendom &#8211; polecamy!<\/p>\n<p>&nbsp;<\/p>\n<p>Nie boisz si\u0119 eksperymentowa\u0107? Przyspiesz wiosn\u0119 i pobaw si\u0119 nowymi trendami ju\u017c dzi\u015b! A je\u015bli szukasz nowych <a href=\"https:\/\/neness.pl\/kosmetyki\/paznokcie\/lakiery_do_paznokci.html\">lakier\u00f3w do paznokci<\/a>, koniecznie odwied\u017a nas na\u00a0<a href=\"http:\/\/neness.pl\">neness.pl<\/a>.<\/p>\n","protected":false},"excerpt":{"rendered":"<p>G\u0142adki czy wzorzysty? B\u0142yszcz\u0105cy czy matowy? Wielobarwny czy jednokolorowy? Jaki jest tegoroczny manicure? Dzi\u015b chcemy przyjrze\u0107 si\u0119 trendom na 2017 rok &#8211; warto wiedzie\u0107, co czeka nas w kolejnych miesi\u0105cach. Czy zaszalejemy z paznokciami? Odpowied\u017a znajdziecie poni\u017cej!<\/p>\n","protected":false},"author":2,"featured_media":1567,"comment_status":"open","ping_status":"open","sticky":false,"template":"","format":"standard","meta":{"_et_pb_use_builder":"","_et_pb_old_content":"","_et_gb_content_width":"","footnotes":""},"categories":[6],"tags":[],"class_list":["post-1566","post","type-post","status-publish","format-standard","has-post-thumbnail","hentry","category-trendy","et-has-post-format-content","et_post_format-et-post-format-standard"],"_links":{"self":[{"href":"https:\/\/neness.pl\/blog\/wp-json\/wp\/v2\/posts\/1566","targetHints":{"allow":["GET"]}}],"collection":[{"href":"https:\/\/neness.pl\/blog\/wp-json\/wp\/v2\/posts"}],"about":[{"href":"https:\/\/neness.pl\/blog\/wp-json\/wp\/v2\/types\/post"}],"author":[{"embeddable":true,"href":"https:\/\/neness.pl\/blog\/wp-json\/wp\/v2\/users\/2"}],"replies":[{"embeddable":true,"href":"https:\/\/neness.pl\/blog\/wp-json\/wp\/v2\/comments?post=1566"}],"version-history":[{"count":0,"href":"https:\/\/neness.pl\/blog\/wp-json\/wp\/v2\/posts\/1566\/revisions"}],"wp:featuredmedia":[{"embeddable":true,"href":"https:\/\/neness.pl\/blog\/wp-json\/wp\/v2\/media\/1567"}],"wp:attachment":[{"href":"https:\/\/neness.pl\/blog\/wp-json\/wp\/v2\/media?parent=1566"}],"wp:term":[{"taxonomy":"category","embeddable":true,"href":"https:\/\/neness.pl\/blog\/wp-json\/wp\/v2\/categories?post=1566"},{"taxonomy":"post_tag","embeddable":true,"href":"https:\/\/neness.pl\/blog\/wp-json\/wp\/v2\/tags?post=1566"}],"curies":[{"name":"wp","href":"https:\/\/api.w.org\/{rel}","templated":true}]}}