{"id":1549,"date":"2017-02-09T15:47:44","date_gmt":"2017-02-09T14:47:44","guid":{"rendered":"http:\/\/ranking-kosmetykow.pl\/?p=1549"},"modified":"2017-02-09T15:47:44","modified_gmt":"2017-02-09T14:47:44","slug":"jak-dbac-o-krecone-wlosy","status":"publish","type":"post","link":"https:\/\/neness.pl\/blog\/jak-dbac-o-krecone-wlosy\/","title":{"rendered":"Jak dba\u0107 o kr\u0119cone w\u0142osy?"},"content":{"rendered":"<p>Wiele kobiet o kr\u0119conych w\u0142osach stara ukry\u0107 to, \u017ce na g\u0142owie nosz\u0105 loczki. Prostuj\u0105 je ka\u017cdego ranka, u\u017cywaj\u0105 mn\u00f3stwa kosmetyk\u00f3w, kt\u00f3re maj\u0105 sprawi\u0107, \u017ce w\u0142osy b\u0119d\u0105 sztywne niczym druty i nie wygn\u0105 si\u0119 przez ca\u0142y dzie\u0144 <strong>ani odrobink\u0119.<\/strong> A mo\u017ce warto jednak nie niszczy\u0107 ich <strong>gor\u0105c\u0105 blaszk\u0105,<\/strong> a zamiast tego zacz\u0105\u0107 <strong>piel\u0119gnowa\u0107 swoje kr\u0119cone<\/strong> <strong>w\u0142osy<\/strong>, tak, by obr\u00f3ci\u0107 je w atut? Przecie\u017c niejedna z nas chcia\u0142aby mie\u0107 na g\u0142owie burz\u0119 lok\u00f3w!<\/p>\n<p><!--more--><\/p>\n<p>&nbsp;<\/p>\n<p>Je\u015bli wi\u0119c o piel\u0119gnacji mowa, przyjrzyjmy si\u0119 kilku sposobom na <strong>utrzymanie w\u0142os\u00f3w w dobrej formie<\/strong>. W jakie kosmetyki si\u0119 zaopatrzy\u0107 i jak ich u\u017cywa\u0107, aby loki budzi\u0142y zachwyt i podziw w\u015br\u00f3d kole\u017canek oraz po\u017c\u0105danie w\u015br\u00f3d m\u0119\u017cczyzn?<\/p>\n<p>&nbsp;<\/p>\n<h3>Dla dobrego nawil\u017cenia<\/h3>\n<p>Aby w\u0142osy by\u0142y w dobrej kondycji, powinni\u015bmy je dobrze nawil\u017ca\u0107. Warto wi\u0119c zaopatrzy\u0107 si\u0119 w drogerii w <strong>mask\u0119<\/strong> <strong>nawil\u017caj\u0105c\u0105<\/strong>. Nale\u017cy jednak pami\u0119ta\u0107, \u017ce sporo substancji o dzia\u0142aniu nawil\u017caj\u0105cym, takich jak aloes czy mi\u00f3d, mog\u0105 mocno <strong>napuszy\u0107<\/strong> <strong>w\u0142osy<\/strong>. Dobrze wi\u0119c stosowa\u0107 je w po\u0142\u0105czeniu z emolientami, kt\u00f3re to nawil\u017cenie zatrzymaj\u0105. Warto te\u017c zainwestowa\u0107 w dobre kosmetyki nawil\u017caj\u0105ce. Im lepsze <strong>nawil\u017cenie<\/strong> <strong>w\u0142os\u00f3w<\/strong>, zw\u0142aszcza kr\u0119conych, tym lepszy ich wygl\u0105d.<\/p>\n<p>&nbsp;<\/p>\n<div id=\"attachment_1551\" style=\"width: 790px\" class=\"wp-caption aligncenter\"><img loading=\"lazy\" decoding=\"async\" aria-describedby=\"caption-attachment-1551\" class=\"wp-image-1551 \" src=\"http:\/\/ranking-kosmetykow.pl\/wp-content\/uploads\/2017\/02\/curly2.jpg\" width=\"780\" height=\"520\" srcset=\"https:\/\/neness.pl\/blog\/wp-content\/uploads\/2017\/02\/curly2.jpg 1200w, https:\/\/neness.pl\/blog\/wp-content\/uploads\/2017\/02\/curly2-300x200.jpg 300w, https:\/\/neness.pl\/blog\/wp-content\/uploads\/2017\/02\/curly2-1024x683.jpg 1024w, https:\/\/neness.pl\/blog\/wp-content\/uploads\/2017\/02\/curly2-768x512.jpg 768w, https:\/\/neness.pl\/blog\/wp-content\/uploads\/2017\/02\/curly2-1080x720.jpg 1080w, https:\/\/neness.pl\/blog\/wp-content\/uploads\/2017\/02\/curly2-610x407.jpg 610w\" sizes=\"auto, (max-width: 780px) 100vw, 780px\" \/><p id=\"caption-attachment-1551\" class=\"wp-caption-text\">mavoimages, fotolia.com, #97463268<\/p><\/div>\n<p>&nbsp;<\/p>\n<h3><strong>Delikatne mycie<\/strong><\/h3>\n<p>Kr\u0119cone w\u0142osy potrzebuj\u0105 bardzo delikatnego traktowania w k\u0105pieli. Dlatego nale\u017cy my\u0107 je zawsze <strong>szamponami bez detergent\u00f3w.<\/strong> Niestety, trzeba dok\u0142adnie czyta\u0107 wszystkie etykiety. Wybieraj tylko szampony bez SLS.<\/p>\n<p>&nbsp;<\/p>\n<h3><strong>Ostro\u017cnie z suszeniem!<\/strong><\/h3>\n<p>Loki nie lubi\u0105 ostrego strumienia powietrza z suszarki. Dobrze jest wi\u0119c pozwoli\u0107 im <strong>wyschn\u0105\u0107 naturalnie.<\/strong> Je\u015bli musisz ju\u017c si\u0119gn\u0105\u0107 po suszark\u0119, susz w\u0142osy ch\u0142odnym nawiewem. Warto te\u017c <strong>wetrze\u0107 wtedy we w\u0142osy od\u017cywk\u0119<\/strong>.<\/p>\n<p>&nbsp;<\/p>\n<div id=\"attachment_1552\" style=\"width: 762px\" class=\"wp-caption aligncenter\"><img loading=\"lazy\" decoding=\"async\" aria-describedby=\"caption-attachment-1552\" class=\"wp-image-1552 \" src=\"http:\/\/ranking-kosmetykow.pl\/wp-content\/uploads\/2017\/02\/curly3-1024x684.jpg\" width=\"752\" height=\"502\" srcset=\"https:\/\/neness.pl\/blog\/wp-content\/uploads\/2017\/02\/curly3-1024x684.jpg 1024w, https:\/\/neness.pl\/blog\/wp-content\/uploads\/2017\/02\/curly3-300x200.jpg 300w, https:\/\/neness.pl\/blog\/wp-content\/uploads\/2017\/02\/curly3-768x513.jpg 768w, https:\/\/neness.pl\/blog\/wp-content\/uploads\/2017\/02\/curly3-1080x721.jpg 1080w, https:\/\/neness.pl\/blog\/wp-content\/uploads\/2017\/02\/curly3-610x407.jpg 610w, https:\/\/neness.pl\/blog\/wp-content\/uploads\/2017\/02\/curly3.jpg 1200w\" sizes=\"auto, (max-width: 752px) 100vw, 752px\" \/><p id=\"caption-attachment-1552\" class=\"wp-caption-text\">UBER IMAGES, fotolia.com, #126955826<\/p><\/div>\n<p>&nbsp;<\/p>\n<p>A je\u015bli poszukujesz kosmetyk\u00f3w do piel\u0119gnacji w\u0142os\u00f3w, chcesz o nie dba\u0107 i si\u0119ga\u0107 po specyfiki najlepszej jako\u015bci, koniecznie zajrzyj na\u00a0<a href=\"https:\/\/neness.pl\/\">neness.pl<\/a>.<\/p>\n","protected":false},"excerpt":{"rendered":"<p>Wiele kobiet o kr\u0119conych w\u0142osach stara ukry\u0107 to, \u017ce na g\u0142owie nosz\u0105 loczki. Prostuj\u0105 je ka\u017cdego ranka, u\u017cywaj\u0105 mn\u00f3stwa kosmetyk\u00f3w, kt\u00f3re maj\u0105 sprawi\u0107, \u017ce w\u0142osy b\u0119d\u0105 sztywne niczym druty i nie wygn\u0105 si\u0119 przez ca\u0142y dzie\u0144 ani odrobink\u0119. A mo\u017ce warto jednak nie niszczy\u0107 ich gor\u0105c\u0105 blaszk\u0105, a zamiast tego zacz\u0105\u0107 piel\u0119gnowa\u0107 swoje kr\u0119cone w\u0142osy, [&hellip;]<\/p>\n","protected":false},"author":2,"featured_media":1550,"comment_status":"open","ping_status":"open","sticky":false,"template":"","format":"standard","meta":{"_et_pb_use_builder":"","_et_pb_old_content":"","_et_gb_content_width":"","footnotes":""},"categories":[48],"tags":[],"class_list":["post-1549","post","type-post","status-publish","format-standard","has-post-thumbnail","hentry","category-wlosy-idealne","et-has-post-format-content","et_post_format-et-post-format-standard"],"_links":{"self":[{"href":"https:\/\/neness.pl\/blog\/wp-json\/wp\/v2\/posts\/1549","targetHints":{"allow":["GET"]}}],"collection":[{"href":"https:\/\/neness.pl\/blog\/wp-json\/wp\/v2\/posts"}],"about":[{"href":"https:\/\/neness.pl\/blog\/wp-json\/wp\/v2\/types\/post"}],"author":[{"embeddable":true,"href":"https:\/\/neness.pl\/blog\/wp-json\/wp\/v2\/users\/2"}],"replies":[{"embeddable":true,"href":"https:\/\/neness.pl\/blog\/wp-json\/wp\/v2\/comments?post=1549"}],"version-history":[{"count":0,"href":"https:\/\/neness.pl\/blog\/wp-json\/wp\/v2\/posts\/1549\/revisions"}],"wp:featuredmedia":[{"embeddable":true,"href":"https:\/\/neness.pl\/blog\/wp-json\/wp\/v2\/media\/1550"}],"wp:attachment":[{"href":"https:\/\/neness.pl\/blog\/wp-json\/wp\/v2\/media?parent=1549"}],"wp:term":[{"taxonomy":"category","embeddable":true,"href":"https:\/\/neness.pl\/blog\/wp-json\/wp\/v2\/categories?post=1549"},{"taxonomy":"post_tag","embeddable":true,"href":"https:\/\/neness.pl\/blog\/wp-json\/wp\/v2\/tags?post=1549"}],"curies":[{"name":"wp","href":"https:\/\/api.w.org\/{rel}","templated":true}]}}