{"id":1532,"date":"2017-02-02T15:34:12","date_gmt":"2017-02-02T14:34:12","guid":{"rendered":"http:\/\/ranking-kosmetykow.pl\/?p=1532"},"modified":"2017-02-02T15:34:12","modified_gmt":"2017-02-02T14:34:12","slug":"czy-perfumy-maja-date-waznosci","status":"publish","type":"post","link":"https:\/\/neness.pl\/blog\/czy-perfumy-maja-date-waznosci\/","title":{"rendered":"Czy perfumy maj\u0105 dat\u0119 wa\u017cno\u015bci?"},"content":{"rendered":"<p>Na opakowaniach balsam\u00f3w do cia\u0142a, podk\u0142ad\u00f3w do twarzy czy szminek cz\u0119sto mo\u017cemy zauwa\u017cy\u0107 oznaczenie daty wa\u017cno\u015bci konkretnego produktu. A jak jest z perfumami? Zasadniczo przyj\u0119\u0142o si\u0119, \u017ce ich termin u\u017cyteczno\u015bci jest nieokre\u015blony i mo\u017cna pryska\u0107 nimi sk\u00f3r\u0119 po up\u0142ywie najd\u0142u\u017cszego czasu, istnieje\u00a0jednak<strong> kilka wa\u017cnych czynnik\u00f3w<\/strong>, kt\u00f3re wp\u0142ywaj\u0105 na perfumy i na to, jak skutecznie dzia\u0142aj\u0105 po konkretnej dacie. Jakie?<\/p>\n<p><!--more--><\/p>\n<p>&nbsp;<\/p>\n<h3><strong>Zgubiona zatyczka<\/strong><\/h3>\n<p>Cz\u0119sto zdarza si\u0119, \u017ce perfumy stoj\u0105 na naszych p\u00f3\u0142kach bez koreczk\u00f3w. Najcz\u0119\u015bciej po prostu je gubimy &#8211; zostawiamy na brzegach umywalek w klubie, zostawiamy w torebce czy upuszczamy i <strong>t\u0142uczemy w drobny mak<\/strong>. A zatyczka pe\u0142ni\u00a0przecie\u017c bardzo wa\u017cn\u0105 funkcj\u0119 &#8211; <strong>chroni atomizer przed kontaktem z powietrzem<\/strong>, a dzi\u0119ki temu perfumy nie wywietrzej\u0105 tak szybko i nie strac\u0105 swojej jako\u015bci. Poza tym korek chroni te\u017c przed brudem i bakteriami, a tych przecie\u017c na sk\u00f3rze nie chcemy.<\/p>\n<p>&nbsp;<\/p>\n<h3><strong>\u015awiat\u0142o a w\u0142a\u015bciwo\u015bci perfum<\/strong><\/h3>\n<p>Perfumy strac\u0105 na jako\u015bci, je\u017celi przez d\u0142u\u017cszy czas b\u0119d\u0105 nara\u017cone na <strong>dzia\u0142anie \u015bwiat\u0142a.<\/strong> Najlepiej trzyma\u0107 je zamkni\u0119te w szafce, a je\u015bli ju\u017c maj\u0105 sta\u0107 poza ni\u0105, to dobrze, aby znajdowa\u0142y si\u0119 w pude\u0142eczku, w kt\u00f3rym przynie\u015bli\u015bmy je ze sklepu.<\/p>\n<p>&nbsp;<\/p>\n<div id=\"attachment_1534\" style=\"width: 738px\" class=\"wp-caption aligncenter\"><img loading=\"lazy\" decoding=\"async\" aria-describedby=\"caption-attachment-1534\" class=\"wp-image-1534 \" src=\"http:\/\/ranking-kosmetykow.pl\/wp-content\/uploads\/2017\/02\/przetermunowane2-1024x683.jpg\" width=\"728\" height=\"485\" srcset=\"https:\/\/neness.pl\/blog\/wp-content\/uploads\/2017\/02\/przetermunowane2-1024x683.jpg 1024w, https:\/\/neness.pl\/blog\/wp-content\/uploads\/2017\/02\/przetermunowane2-300x200.jpg 300w, https:\/\/neness.pl\/blog\/wp-content\/uploads\/2017\/02\/przetermunowane2-768x512.jpg 768w, https:\/\/neness.pl\/blog\/wp-content\/uploads\/2017\/02\/przetermunowane2-1080x720.jpg 1080w, https:\/\/neness.pl\/blog\/wp-content\/uploads\/2017\/02\/przetermunowane2-610x407.jpg 610w, https:\/\/neness.pl\/blog\/wp-content\/uploads\/2017\/02\/przetermunowane2.jpg 1200w\" sizes=\"auto, (max-width: 728px) 100vw, 728px\" \/><p id=\"caption-attachment-1534\" class=\"wp-caption-text\">maryviolet, fotolia.com, #135104674<\/p><\/div>\n<h3><\/h3>\n<h3><strong>Ciep\u0142o &#8211; zimno<\/strong><\/h3>\n<p>Wysoka temperatura nie wp\u0142ywa korzystnie na perfumy. Wystarczy, \u017ce trzymamy je w temperaturze kilkunastu stopni, aby traci\u0142y na jako\u015bci &#8211; zapachy po prostu <strong>degraduj\u0105 si\u0119<\/strong>. Warto wobec tego przechowywa\u0107 perfumy <strong>w lod\u00f3wce<\/strong> &#8211; nie powinny jednak przebywa\u0107 te\u017c w za niskiej\u00a0temperaturze &#8211; najlepiej trzyma\u0107 je w lod\u00f3wce na p\u00f3\u0142ce, na kt\u00f3rej jest najcieplej. Brzmi paradoksalnie, ale daje najwi\u0119ksze rezultaty w kwestii trwa\u0142o\u015bci perfum.<\/p>\n<p>&nbsp;<\/p>\n<p>Perfumy nie maj\u0105 daty wa\u017cno\u015bci, po kt\u00f3rej pryskanie nimi sk\u00f3ry by\u0142oby zabronione czy mog\u0142oby zaszkodzi\u0107 naszemu zdrowiu. Mo\u017cemy mie\u0107 jednak wp\u0142yw na ich jako\u015b\u0107 i przyczyni\u0107 si\u0119 do tego, by jak najd\u0142u\u017cej wykazywa\u0142y trwa\u0142o\u015b\u0107. A je\u015bli<strong> szukacie zapach\u00f3w<\/strong> idealnych dla siebie, koniecznie zajrzyjcie na\u00a0<a href=\"https:\/\/neness.pl\/\">neness.pl<\/a>.<\/p>\n","protected":false},"excerpt":{"rendered":"<p>Na opakowaniach balsam\u00f3w do cia\u0142a, podk\u0142ad\u00f3w do twarzy czy szminek cz\u0119sto mo\u017cemy zauwa\u017cy\u0107 oznaczenie daty wa\u017cno\u015bci konkretnego produktu. A jak jest z perfumami? Zasadniczo przyj\u0119\u0142o si\u0119, \u017ce ich termin u\u017cyteczno\u015bci jest nieokre\u015blony i mo\u017cna pryska\u0107 nimi sk\u00f3r\u0119 po up\u0142ywie najd\u0142u\u017cszego czasu, istnieje\u00a0jednak kilka wa\u017cnych czynnik\u00f3w, kt\u00f3re wp\u0142ywaj\u0105 na perfumy i na to, jak skutecznie dzia\u0142aj\u0105 [&hellip;]<\/p>\n","protected":false},"author":2,"featured_media":1533,"comment_status":"open","ping_status":"open","sticky":false,"template":"","format":"standard","meta":{"_et_pb_use_builder":"","_et_pb_old_content":"","_et_gb_content_width":"","footnotes":""},"categories":[19],"tags":[],"class_list":["post-1532","post","type-post","status-publish","format-standard","has-post-thumbnail","hentry","category-zachwycaj-zapachem","et-has-post-format-content","et_post_format-et-post-format-standard"],"_links":{"self":[{"href":"https:\/\/neness.pl\/blog\/wp-json\/wp\/v2\/posts\/1532","targetHints":{"allow":["GET"]}}],"collection":[{"href":"https:\/\/neness.pl\/blog\/wp-json\/wp\/v2\/posts"}],"about":[{"href":"https:\/\/neness.pl\/blog\/wp-json\/wp\/v2\/types\/post"}],"author":[{"embeddable":true,"href":"https:\/\/neness.pl\/blog\/wp-json\/wp\/v2\/users\/2"}],"replies":[{"embeddable":true,"href":"https:\/\/neness.pl\/blog\/wp-json\/wp\/v2\/comments?post=1532"}],"version-history":[{"count":0,"href":"https:\/\/neness.pl\/blog\/wp-json\/wp\/v2\/posts\/1532\/revisions"}],"wp:featuredmedia":[{"embeddable":true,"href":"https:\/\/neness.pl\/blog\/wp-json\/wp\/v2\/media\/1533"}],"wp:attachment":[{"href":"https:\/\/neness.pl\/blog\/wp-json\/wp\/v2\/media?parent=1532"}],"wp:term":[{"taxonomy":"category","embeddable":true,"href":"https:\/\/neness.pl\/blog\/wp-json\/wp\/v2\/categories?post=1532"},{"taxonomy":"post_tag","embeddable":true,"href":"https:\/\/neness.pl\/blog\/wp-json\/wp\/v2\/tags?post=1532"}],"curies":[{"name":"wp","href":"https:\/\/api.w.org\/{rel}","templated":true}]}}