{"id":1495,"date":"2017-01-26T15:18:32","date_gmt":"2017-01-26T14:18:32","guid":{"rendered":"http:\/\/ranking-kosmetykow.pl\/?p=1495"},"modified":"2017-01-26T15:18:32","modified_gmt":"2017-01-26T14:18:32","slug":"pierwszy-wpis","status":"publish","type":"post","link":"https:\/\/neness.pl\/blog\/pierwszy-wpis\/","title":{"rendered":"Witaj w \u015bwiecie zapach\u00f3w!"},"content":{"rendered":"<p>&nbsp;<\/p>\n<p>Widzie\u0107 zapachem? Czu\u0107 kolorem? Witamy w \u015bwiecie naszej perfumerii <strong>Neness!<\/strong><\/p>\n<p><!--more--><\/p>\n<p>&nbsp;<\/p>\n<p>Na rynku dzia\u0142amy od 2015 roku, ale ten czas pozwoli\u0142 nam ju\u017c zyska\u0107 rzesz\u0119 wiernych klient\u00f3w. Znale\u017a\u0107 mo\u017cna u nas perfumetki o zapachach znanych na ca\u0142ym \u015bwiecie. Chcesz zjawiskowo pachnie\u0107, zachwyca\u0107, nie wydaj\u0105c przy tym <strong>fortuny?<\/strong> Z nami to mo\u017cliwe!<\/p>\n<p>&nbsp;<\/p>\n<p>Wiemy, \u017ce zapach jest jak <strong>pierwsze wra\u017cenie<\/strong> &#8211; od razu daje si\u0119 zapami\u0119ta\u0107. Chcesz <strong>budzi\u0107 zachwyt?<\/strong> Pozw\u00f3l sobie na odrobin\u0119 <strong>luksusu,<\/strong> zamkni\u0119t\u0105 w ma\u0142ej fiolce perfum.<\/p>\n<p>Poza perfumami Neness to kosmetyki do <strong>makija\u017cu<\/strong> oraz do piel\u0119gnacji cia\u0142a i w\u0142os\u00f3w. Zadbaj o siebie &#8211; niech \u015bwiat wie, \u017ce rz\u0105dz\u0105 nim kobiety!<\/p>\n<p>PS Dla m\u0119\u017cczyzn te\u017c co\u015b si\u0119 znajdzie.<\/p>\n<p>&nbsp;<\/p>\n<p>Zapraszamy do zakup\u00f3w!<\/p>\n<p>&nbsp;<\/p>\n<div id=\"attachment_1519\" style=\"width: 861px\" class=\"wp-caption aligncenter\"><img loading=\"lazy\" decoding=\"async\" aria-describedby=\"caption-attachment-1519\" class=\"wp-image-1519 \" src=\"http:\/\/ranking-kosmetykow.pl\/wp-content\/uploads\/2017\/01\/pierwszy-wpis2-1024x585.jpg\" width=\"851\" height=\"486\" srcset=\"https:\/\/neness.pl\/blog\/wp-content\/uploads\/2017\/01\/pierwszy-wpis2-1024x585.jpg 1024w, https:\/\/neness.pl\/blog\/wp-content\/uploads\/2017\/01\/pierwszy-wpis2-300x172.jpg 300w, https:\/\/neness.pl\/blog\/wp-content\/uploads\/2017\/01\/pierwszy-wpis2-768x439.jpg 768w, https:\/\/neness.pl\/blog\/wp-content\/uploads\/2017\/01\/pierwszy-wpis2-1080x617.jpg 1080w, https:\/\/neness.pl\/blog\/wp-content\/uploads\/2017\/01\/pierwszy-wpis2-610x349.jpg 610w, https:\/\/neness.pl\/blog\/wp-content\/uploads\/2017\/01\/pierwszy-wpis2.jpg 1200w\" sizes=\"auto, (max-width: 851px) 100vw, 851px\" \/><p id=\"caption-attachment-1519\" class=\"wp-caption-text\">Syda Productions, fotolia.com, #124748802<\/p><\/div>\n","protected":false},"excerpt":{"rendered":"<p>&nbsp; Widzie\u0107 zapachem? Czu\u0107 kolorem? Witamy w \u015bwiecie naszej perfumerii Neness!<\/p>\n","protected":false},"author":2,"featured_media":1517,"comment_status":"open","ping_status":"open","sticky":false,"template":"","format":"standard","meta":{"_et_pb_use_builder":"","_et_pb_old_content":"","_et_gb_content_width":"","footnotes":""},"categories":[19],"tags":[],"class_list":["post-1495","post","type-post","status-publish","format-standard","has-post-thumbnail","hentry","category-zachwycaj-zapachem","et-has-post-format-content","et_post_format-et-post-format-standard"],"_links":{"self":[{"href":"https:\/\/neness.pl\/blog\/wp-json\/wp\/v2\/posts\/1495","targetHints":{"allow":["GET"]}}],"collection":[{"href":"https:\/\/neness.pl\/blog\/wp-json\/wp\/v2\/posts"}],"about":[{"href":"https:\/\/neness.pl\/blog\/wp-json\/wp\/v2\/types\/post"}],"author":[{"embeddable":true,"href":"https:\/\/neness.pl\/blog\/wp-json\/wp\/v2\/users\/2"}],"replies":[{"embeddable":true,"href":"https:\/\/neness.pl\/blog\/wp-json\/wp\/v2\/comments?post=1495"}],"version-history":[{"count":0,"href":"https:\/\/neness.pl\/blog\/wp-json\/wp\/v2\/posts\/1495\/revisions"}],"wp:featuredmedia":[{"embeddable":true,"href":"https:\/\/neness.pl\/blog\/wp-json\/wp\/v2\/media\/1517"}],"wp:attachment":[{"href":"https:\/\/neness.pl\/blog\/wp-json\/wp\/v2\/media?parent=1495"}],"wp:term":[{"taxonomy":"category","embeddable":true,"href":"https:\/\/neness.pl\/blog\/wp-json\/wp\/v2\/categories?post=1495"},{"taxonomy":"post_tag","embeddable":true,"href":"https:\/\/neness.pl\/blog\/wp-json\/wp\/v2\/tags?post=1495"}],"curies":[{"name":"wp","href":"https:\/\/api.w.org\/{rel}","templated":true}]}}