{"id":146,"count":26,"description":"","link":"https:\/\/neness.pl\/blog\/category\/z-mysla-o-mezczyznach\/","name":"Z my\u015bl\u0105 o m\u0119\u017cczyznach","slug":"z-mysla-o-mezczyznach","taxonomy":"category","parent":0,"meta":[],"_links":{"self":[{"href":"https:\/\/neness.pl\/blog\/wp-json\/wp\/v2\/categories\/146","targetHints":{"allow":["GET"]}}],"collection":[{"href":"https:\/\/neness.pl\/blog\/wp-json\/wp\/v2\/categories"}],"about":[{"href":"https:\/\/neness.pl\/blog\/wp-json\/wp\/v2\/taxonomies\/category"}],"wp:post_type":[{"href":"https:\/\/neness.pl\/blog\/wp-json\/wp\/v2\/posts?categories=146"}],"curies":[{"name":"wp","href":"https:\/\/api.w.org\/{rel}","templated":true}]}}